{"id":660,"date":"2006-07-26T10:21:02","date_gmt":"2006-07-26T17:21:02","guid":{"rendered":"http:\/\/www.exportapymes.com\/comercio-exterior-america-esp\/exportacion-es-factor-clave-para-crecimiento-de-paraguay\/"},"modified":"2006-07-26T10:21:02","modified_gmt":"2006-07-26T17:21:02","slug":"exportacion-es-factor-clave-para-crecimiento-de-paraguay","status":"publish","type":"post","link":"https:\/\/www.exportapymes.com\/comercio-exterior-america-esp\/exportacion-es-factor-clave-para-crecimiento-de-paraguay\/","title":{"rendered":"Exportaci\u00f3n es factor clave para crecimiento de Paraguay"},"content":{"rendered":"<p>Hoy en d\u00eda la <strong>exportaci\u00f3n es el factor clave para el crecimiento sostenido y creaci\u00f3n de puestos de trabajo<\/strong> de pa\u00edses con las caracter\u00edsticas de Paraguay, seg\u00fan experto del Banco Mundial.<br \/>\n<img decoding=\"async\" src=\"http:\/\/www.exportapymes.com\/comercio-exterior-america-esp\/images\/ban\/paraguay.jpg\" \/>   El asesor senior del Banco Mundial, Jos\u00e9 Luis Guasch, se\u00f1al\u00f3 durante el <strong>seminario sobre competitividad<\/strong> realizado en el marco de la <strong>Expo 2006<\/strong>, que la experiencia muestra que m\u00e1s de la mitad del crecimiento econ\u00f3mico es generado no por la acumulaci\u00f3n de <strong>factores de producci\u00f3n<\/strong>, sino por su mejor uso.<br \/>\n<!--more-->El experto cit\u00f3 como prioridades para el <strong>desarrollo de un pa\u00eds<\/strong> el \u201cc<strong>onocimiento, innovaci\u00f3n y desarrollo tecnol\u00f3gico<\/strong> son factores claves hoy para el crecimiento econ\u00f3mico y creaci\u00f3n de empleo\u201d, enfatiz\u00f3 el experto ante una gran cantidad de empresarios y l\u00edderes del sector p\u00fablico, que participaron del evento patrocinado por el Banco Mundial, y organizado conjuntamente con el Ministerio de Industria y Comercio. Fue el jueves 21 de julio, en el Sal\u00f3n Social de la ARP.<\/p>\n<p>Comenz\u00f3 su exposici\u00f3n mencionando que cada vez m\u00e1s pa\u00edses de las caracter\u00edsticas de Paraguay, peque\u00f1o con relativamente bajo poder adquisitivo y alta concentraci\u00f3n de la producci\u00f3n en el sector primario, enfatizan exportaciones como factor clave para el crecimiento sostenido y creaci\u00f3n de puestos de trabajo. Al citar los aspectos esenciales para el \u00e9xito econ\u00f3mico de un pa\u00eds, mencion\u00f3 en primer lugar la necesidad de <strong>abrir nuevos mercados<\/strong>.<\/p>\n<p>En segundo lugar, habl\u00f3 de la necesidad de reducir costos log\u00edsticos. \u201cNo ayuda a que tengamos productos maravillosos, incluso a buenos precios, si nos lo \u2018come\u2019 la log\u00edstica. Am\u00e9rica Latina tiene unos costos log\u00edsticos alt\u00edsimos, y Paraguay est\u00e1 por ah\u00ed.<br \/>\nLas estimaciones en Paraguay est\u00e1 en el orden de los 30% del valor del producto, eso es un arancel. Son 30 puntos que unilateralmente ustedes pueden bajar\u201d, plante\u00f3.<\/p>\n<p>En segundo lugar, habl\u00f3 de la necesidad de reducir costos log\u00edsticos. \u201cNo ayuda a que tengamos productos maravillosos, incluso a buenos precios, si nos lo \u2018come\u2019 la log\u00edstica. Am\u00e9rica Latina tiene unos costos log\u00edsticos alt\u00edsimos, y Paraguay est\u00e1 por ah\u00ed.<\/p>\n<p>Las estimaciones en Paraguay est\u00e1 en el orden de los 30% del valor del producto, eso es un arancel. Son 30 puntos que unilateralmente ustedes pueden bajar\u201d, plante\u00f3.<\/p>\n<p><em>Pr\u00f3ximo paso<\/em><br \/>\nPor su parte, Eduardo Urdapilleta, tambi\u00e9n representante del Banco Mundial, ense\u00f1\u00f3 que el pr\u00f3ximo paso que el pa\u00eds debe dar es <strong>desarrollar un plan integral para impulsar la competitividad del sector privado<\/strong>, con un sesgo hacia la implementaci\u00f3n de acciones r\u00e1pidas. Anim\u00f3 a <strong>implementar estrategias de innovaci\u00f3n<\/strong> en las principales cadenas de valor, al tiempo de lanzar mecanismos de cr\u00e9dito de largo plazo y bajo costo para el desarrollo de sectores prioritarios. Hella  Notario. PPN<\/p>\n","protected":false},"excerpt":{"rendered":"<p>Hoy en d\u00eda la exportaci\u00f3n es el factor clave para el crecimiento sostenido y creaci\u00f3n de puestos de trabajo de pa\u00edses con las caracter\u00edsticas de Paraguay, seg\u00fan experto del Banco Mundial. El asesor senior del Banco Mundial, Jos\u00e9 Luis Guasch,<span class=\"ellipsis\">&hellip;<\/span><\/p>\n<div class=\"read-more\"><a href=\"https:\/\/www.exportapymes.com\/comercio-exterior-america-esp\/exportacion-es-factor-clave-para-crecimiento-de-paraguay\/\">Leer m&aacute;s &#8250;<\/a><\/div>\n<p><!-- end of .read-more --><\/p>\n","protected":false},"author":1,"featured_media":0,"comment_status":"open","ping_status":"open","sticky":false,"template":"","format":"standard","meta":{"footnotes":""},"categories":[16],"tags":[],"class_list":["post-660","post","type-post","status-publish","format-standard","hentry","category-paraguay"],"_links":{"self":[{"href":"https:\/\/www.exportapymes.com\/comercio-exterior-america-esp\/wp-json\/wp\/v2\/posts\/660","targetHints":{"allow":["GET"]}}],"collection":[{"href":"https:\/\/www.exportapymes.com\/comercio-exterior-america-esp\/wp-json\/wp\/v2\/posts"}],"about":[{"href":"https:\/\/www.exportapymes.com\/comercio-exterior-america-esp\/wp-json\/wp\/v2\/types\/post"}],"author":[{"embeddable":true,"href":"https:\/\/www.exportapymes.com\/comercio-exterior-america-esp\/wp-json\/wp\/v2\/users\/1"}],"replies":[{"embeddable":true,"href":"https:\/\/www.exportapymes.com\/comercio-exterior-america-esp\/wp-json\/wp\/v2\/comments?post=660"}],"version-history":[{"count":0,"href":"https:\/\/www.exportapymes.com\/comercio-exterior-america-esp\/wp-json\/wp\/v2\/posts\/660\/revisions"}],"wp:attachment":[{"href":"https:\/\/www.exportapymes.com\/comercio-exterior-america-esp\/wp-json\/wp\/v2\/media?parent=660"}],"wp:term":[{"taxonomy":"category","embeddable":true,"href":"https:\/\/www.exportapymes.com\/comercio-exterior-america-esp\/wp-json\/wp\/v2\/categories?post=660"},{"taxonomy":"post_tag","embeddable":true,"href":"https:\/\/www.exportapymes.com\/comercio-exterior-america-esp\/wp-json\/wp\/v2\/tags?post=660"}],"curies":[{"name":"wp","href":"https:\/\/api.w.org\/{rel}","templated":true}]}}