{"id":661,"date":"2006-07-26T10:30:02","date_gmt":"2006-07-26T17:30:02","guid":{"rendered":"http:\/\/www.exportapymes.com\/comercio-exterior-america-esp\/la-camara-de-cordoba-disenara-una-marca-para-el-exterior\/"},"modified":"2006-09-13T03:08:04","modified_gmt":"2006-09-13T10:08:04","slug":"la-camara-de-cordoba-disenara-una-marca-para-el-exterior","status":"publish","type":"post","link":"https:\/\/www.exportapymes.com\/comercio-exterior-america-esp\/la-camara-de-cordoba-disenara-una-marca-para-el-exterior\/","title":{"rendered":"La C\u00e1mara de C\u00f3rdoba dise\u00f1ar\u00e1 una marca para el exterior"},"content":{"rendered":"<p>La C\u00e1mara de Comercio trabajar\u00e1 en el dise\u00f1o de una \u00fanica <strong>marca com\u00fan de C\u00f3rdoba<\/strong> que pueda ser utilizada institucional y <strong>empresarialmente en el exterior<\/strong> y que simbolice a la capital y su provincia como <strong>origen y destino de<\/strong> <strong>productos, servicios y patrimonio de calidad, garant\u00eda y prestigio<\/strong>.<br \/>\n<img decoding=\"async\" src=\"http:\/\/www.exportapymes.com\/comercio-exterior-america-esp\/images\/ban\/spain.jpg\" \/>   \u00c9sta es una de las propuestas que se recogen en el <strong>Plan de Actuaci\u00f3n para los a\u00f1os 2006-2010<\/strong> que el citado organismo aprob\u00f3 en un pleno celebrado ayer.<br \/>\n<!--more-->Seg\u00fan el documento elaborado por la C\u00e1mara, esta medida es de importancia primordial atendiendo a que uno de sus retos es la<strong> internacionalizaci\u00f3n de las empresas<\/strong>, por lo que la apuesta pasa por emprender cualquier iniciativa que suponga &#8220;mejorar el conocimiento exterior&#8221; de C\u00f3rdoba, as\u00ed como &#8220;un mayor conocimiento de sus atractivos tanto para la posible captaci\u00f3n de inversi\u00f3n como para aumentar el n\u00famero de visitantes&#8221;.<\/p>\n<p>En su programa de atenci\u00f3n, el organismo que preside Mar\u00eda Dolores Jim\u00e9nez tambi\u00e9n otorga un peso relevante a la promoci\u00f3n interior y para ello se propone un calendario de acciones encaminadas a fomentar los productos y servicios cordobeses en el resto del pa\u00eds. Este objetivo persigue, adem\u00e1s, que las empresas cordobesas ampl\u00eden relaciones y oportunidades en el conjunto del Estado.<\/p>\n<p>El Plan de Acci\u00f3n apuesta, de manera global, por mantener y aumentar los servicios que oferta la C\u00e1mara a las firmas que operan en la capital, y para la consecuci\u00f3n de este objetivo se han establecido cinco grandes l\u00edneas de actuaci\u00f3n.<\/p>\n<p>Para los pr\u00f3ximos cuatro a\u00f1os, el organismo tiene previsto profundizar en los servicios que ofrece a trav\u00e9s de su portal web, as\u00ed como activar el Observatorio Econ\u00f3mico, que ampliar\u00eda sus actividades en la elaboraci\u00f3n de informes, estudios y acciones de informaci\u00f3n y an\u00e1lisis de la econom\u00eda en cualquiera de sus \u00e1mbitos. Otra de las principales l\u00edneas de trabajo se centrar\u00e1 en la puesta en marcha de la llamada Corte de Arbitraje, que se centra en dirimir los conflictos mercantiles que surgen entre las empresas.<\/p>\n<p>Otra de las novedades que se incluyen en el plan aprobado ayer pasa por estudiar la posibilidad de impartir un <strong>M\u00e1ster Superior de Comercio Exterior de la C\u00e1mara<\/strong>, adem\u00e1s de instalar puntos de informaci\u00f3n camerales en los pol\u00edgonos industriales para dar informaci\u00f3n adecuada sobre los servicios.<\/p>\n<p>En cuanto a la representaci\u00f3n del organismo, el documento recoge la aspiraci\u00f3n de que la Corporaci\u00f3n est\u00e9 representada en cuantos \u00f3rganos p\u00fablicos y privados deba estarlo por su naturaleza. El D\u00eda de C\u00f3rdoba<\/p>\n","protected":false},"excerpt":{"rendered":"<p>La C\u00e1mara de Comercio trabajar\u00e1 en el dise\u00f1o de una \u00fanica marca com\u00fan de C\u00f3rdoba que pueda ser utilizada institucional y empresarialmente en el exterior y que simbolice a la capital y su provincia como origen y destino de productos,<span class=\"ellipsis\">&hellip;<\/span><\/p>\n<div class=\"read-more\"><a href=\"https:\/\/www.exportapymes.com\/comercio-exterior-america-esp\/la-camara-de-cordoba-disenara-una-marca-para-el-exterior\/\">Leer m&aacute;s &#8250;<\/a><\/div>\n<p><!-- end of .read-more --><\/p>\n","protected":false},"author":1,"featured_media":0,"comment_status":"open","ping_status":"open","sticky":false,"template":"","format":"standard","meta":{"footnotes":""},"categories":[22,25],"tags":[],"class_list":["post-661","post","type-post","status-publish","format-standard","hentry","category-espana","category-internacionalizacion"],"_links":{"self":[{"href":"https:\/\/www.exportapymes.com\/comercio-exterior-america-esp\/wp-json\/wp\/v2\/posts\/661","targetHints":{"allow":["GET"]}}],"collection":[{"href":"https:\/\/www.exportapymes.com\/comercio-exterior-america-esp\/wp-json\/wp\/v2\/posts"}],"about":[{"href":"https:\/\/www.exportapymes.com\/comercio-exterior-america-esp\/wp-json\/wp\/v2\/types\/post"}],"author":[{"embeddable":true,"href":"https:\/\/www.exportapymes.com\/comercio-exterior-america-esp\/wp-json\/wp\/v2\/users\/1"}],"replies":[{"embeddable":true,"href":"https:\/\/www.exportapymes.com\/comercio-exterior-america-esp\/wp-json\/wp\/v2\/comments?post=661"}],"version-history":[{"count":0,"href":"https:\/\/www.exportapymes.com\/comercio-exterior-america-esp\/wp-json\/wp\/v2\/posts\/661\/revisions"}],"wp:attachment":[{"href":"https:\/\/www.exportapymes.com\/comercio-exterior-america-esp\/wp-json\/wp\/v2\/media?parent=661"}],"wp:term":[{"taxonomy":"category","embeddable":true,"href":"https:\/\/www.exportapymes.com\/comercio-exterior-america-esp\/wp-json\/wp\/v2\/categories?post=661"},{"taxonomy":"post_tag","embeddable":true,"href":"https:\/\/www.exportapymes.com\/comercio-exterior-america-esp\/wp-json\/wp\/v2\/tags?post=661"}],"curies":[{"name":"wp","href":"https:\/\/api.w.org\/{rel}","templated":true}]}}