{"id":668,"date":"2006-07-26T13:13:14","date_gmt":"2006-07-26T20:13:14","guid":{"rendered":"http:\/\/www.exportapymes.com\/comercio-exterior-america-esp\/rediex-y-capex-firmaron-convenio-de-cooperacion\/"},"modified":"2006-07-26T13:13:14","modified_gmt":"2006-07-26T20:13:14","slug":"rediex-y-capex-firmaron-convenio-de-cooperacion","status":"publish","type":"post","link":"https:\/\/www.exportapymes.com\/comercio-exterior-america-esp\/rediex-y-capex-firmaron-convenio-de-cooperacion\/","title":{"rendered":"REDIEX y CAPEX firmaron convenio de cooperaci\u00f3n"},"content":{"rendered":"<p align=\"left\">La <strong>C\u00e1mara Paraguaya de Exportadores (CAPEX)<\/strong>, que conmemora su cuarto aniversario, firm\u00f3 un convenio de Cooperaci\u00f3n  con <strong>REDIEX Red de Inversiones y Exportaciones<\/strong>, el s\u00e1bado 22 de julio, en el sal\u00f3n de actos de la Asociaci\u00f3n Rural del Paraguay (ARP).<br \/>\n<img decoding=\"async\" src=\"http:\/\/www.exportapymes.com\/comercio-exterior-america-esp\/images\/ban\/paraguay.jpg\" \/>   En dicha oportunidad, se realiz\u00f3 la <strong>Conferencia sobre \u201cVentajas y Responsabilidades Tributarias de los Agentes de Retenci\u00f3n: Exportadores y Maquiladores<\/strong>\u201d, a cargo de profesionales de la SubSecretar\u00eda de Tributaci\u00f3n del Ministerio de Hacienda.<br \/>\n<!--more--><\/p>\n<p align=\"center\"><em>Algunas de las Cl\u00e1usulas del<br \/>\n<\/em><strong>CONVENIO MARCO DE COOPERACI\u00d3N ENTRE LA CAMARA PARAGUAYA DE EXPORTADORES (CAPEX) Y LA RED DE INVERSIONES Y EXPORTACIONES (REDIEX)<\/strong><\/p>\n<p><strong \/><\/p>\n<p align=\"left\"><strong>LA CAMARA PARAGUAYA DE EXPORTADORES<\/strong>, en adelante CAPEX, representada por su Presidenta Se\u00f1ora Josefina Duarte de Benitez y la <strong>RED DE INVERSIONES Y EXPORTACIONES<\/strong>, en adelante REDIEX, representada por su Director General, Se\u00f1or V\u00edctor Varela, en el marco de sus respectivas atribuciones, convienen en celebrar este Acuerdo de Cooperaci\u00f3n, sujeto al considerando y cl\u00e1usulas siguientes:<\/p>\n<p>CLAUSULA PRIMERA \u2013 Las partes convienen en proporcionarse la m\u00e1s amplia colaboraci\u00f3n institucional para la promoci\u00f3n de sus actividades y la consecuci\u00f3n de los siguientes objetivos:<br \/>\n<strong>1) Promoci\u00f3n de las exportaciones<br \/>\n2) Mejorar la competitividad de las empresas<br \/>\n3) Atraer e incrementar las inversiones nacionales y extranjeras<\/strong><\/p>\n<p>CLAUSULA SEGUNDA. \u2013 Ambas Partes realizar\u00e1n, como consecuencia del presente Convenio Marco, acuerdos espec\u00edficos que constituir\u00e1n partes integrantes del presente convenio como ANEXOS. Estos acuerdos espec\u00edficos de cooperaci\u00f3n se realizar\u00e1n en los campos de inter\u00e9s com\u00fan. Las acciones de cooperaci\u00f3n que se convengan en<br \/>\ncada oportunidad especificar\u00e1n los objetivos, metodolog\u00eda de trabajo y obligaciones de cada una de las partes. Sus resultados se evaluar\u00e1n en las instancias y con las modalidades que se establecer\u00e1n en cada oportunidad.<\/p>\n<p>CLAUSULA TERCERA. \u2013 Los gastos que impliquen las acciones convenidas ser\u00e1n previamente definidos y acordados y deber\u00e1n estar contemplados en el presupuesto y el programa de trabajo de la CAPEX y REDIEX. No obstante ello, dichas actividades podr\u00e1n financiarse con fondos obtenidos de otras fuentes, por cualquiera de ambas Instituciones.<\/p>\n<p>CLAUSULA CUARTA. \u2013 Con base a lo dispuesto precedentemente, la CAPEX y REDIEX convendr\u00e1n la ejecuci\u00f3n de acciones, cuyos efectos y plazos de cumplimiento estar\u00e1n en concordancia con los recursos disponibles por parte de cada Instituci\u00f3n. CLAUSULA QUINTA. \u2013 CAPEX facilitar\u00e1 la difusi\u00f3n por medios electr\u00f3nicos e impresos propios o a trav\u00e9s de convenios con terceros, de aquellas informaciones de car\u00e1cter comercial e institucional que le sean suministradas por REDIEX.<\/p>\n","protected":false},"excerpt":{"rendered":"<p>La C\u00e1mara Paraguaya de Exportadores (CAPEX), que conmemora su cuarto aniversario, firm\u00f3 un convenio de Cooperaci\u00f3n con REDIEX Red de Inversiones y Exportaciones, el s\u00e1bado 22 de julio, en el sal\u00f3n de actos de la Asociaci\u00f3n Rural del Paraguay (ARP).<span class=\"ellipsis\">&hellip;<\/span><\/p>\n<div class=\"read-more\"><a href=\"https:\/\/www.exportapymes.com\/comercio-exterior-america-esp\/rediex-y-capex-firmaron-convenio-de-cooperacion\/\">Leer m&aacute;s &#8250;<\/a><\/div>\n<p><!-- end of .read-more --><\/p>\n","protected":false},"author":1,"featured_media":0,"comment_status":"open","ping_status":"open","sticky":false,"template":"","format":"standard","meta":{"footnotes":""},"categories":[16],"tags":[],"class_list":["post-668","post","type-post","status-publish","format-standard","hentry","category-paraguay"],"_links":{"self":[{"href":"https:\/\/www.exportapymes.com\/comercio-exterior-america-esp\/wp-json\/wp\/v2\/posts\/668","targetHints":{"allow":["GET"]}}],"collection":[{"href":"https:\/\/www.exportapymes.com\/comercio-exterior-america-esp\/wp-json\/wp\/v2\/posts"}],"about":[{"href":"https:\/\/www.exportapymes.com\/comercio-exterior-america-esp\/wp-json\/wp\/v2\/types\/post"}],"author":[{"embeddable":true,"href":"https:\/\/www.exportapymes.com\/comercio-exterior-america-esp\/wp-json\/wp\/v2\/users\/1"}],"replies":[{"embeddable":true,"href":"https:\/\/www.exportapymes.com\/comercio-exterior-america-esp\/wp-json\/wp\/v2\/comments?post=668"}],"version-history":[{"count":0,"href":"https:\/\/www.exportapymes.com\/comercio-exterior-america-esp\/wp-json\/wp\/v2\/posts\/668\/revisions"}],"wp:attachment":[{"href":"https:\/\/www.exportapymes.com\/comercio-exterior-america-esp\/wp-json\/wp\/v2\/media?parent=668"}],"wp:term":[{"taxonomy":"category","embeddable":true,"href":"https:\/\/www.exportapymes.com\/comercio-exterior-america-esp\/wp-json\/wp\/v2\/categories?post=668"},{"taxonomy":"post_tag","embeddable":true,"href":"https:\/\/www.exportapymes.com\/comercio-exterior-america-esp\/wp-json\/wp\/v2\/tags?post=668"}],"curies":[{"name":"wp","href":"https:\/\/api.w.org\/{rel}","templated":true}]}}