{"id":670,"date":"2006-07-26T13:40:08","date_gmt":"2006-07-26T20:40:08","guid":{"rendered":"http:\/\/www.exportapymes.com\/comercio-exterior-america-esp\/bancoex-se-une-a-la-provincia-de-falcon-para-promover-la-capacidad-exportadora-del-pais\/"},"modified":"2006-07-26T13:40:08","modified_gmt":"2006-07-26T20:40:08","slug":"bancoex-se-une-a-la-provincia-de-falcon-para-promover-la-capacidad-exportadora-del-pais","status":"publish","type":"post","link":"https:\/\/www.exportapymes.com\/comercio-exterior-america-esp\/bancoex-se-une-a-la-provincia-de-falcon-para-promover-la-capacidad-exportadora-del-pais\/","title":{"rendered":"Bancoex se une a la provincia de Falc\u00f3n para promover la capacidad exportadora del pa\u00eds"},"content":{"rendered":"<p>La intenci\u00f3n es potenciar las capacidades de nuestro sector productivo nacional, para que podamos establecer una inserci\u00f3n equilibrada de <strong>Venezuela en el Mercosur<\/strong>\u201d, asegur\u00f3 el <strong>Ministro de Estado para la Integraci\u00f3n y el Comercio Exterior Gustavo M\u00e1rquez Mar\u00edn<\/strong>, luego de una interesante reuni\u00f3n con el gobernador de Falc\u00f3n, Jes\u00fas Montilla.<br \/>\n<img decoding=\"async\" src=\"http:\/\/www.exportapymes.com\/comercio-exterior-america-esp\/images\/ban\/venezuela.jpg\" \/>   El convenio establecer\u00e1 las bases para la implementaci\u00f3n de un Proyecto Modelo para la <strong>Promoci\u00f3n y Desarrollo de las Exportaciones<\/strong> en Falc\u00f3n como Estado Piloto.<br \/>\n<!--more-->En la sede del <strong>Banco de Comercio Exterior BANCOEX<\/strong> se realiz\u00f3 una interesante reuni\u00f3n entre el <strong>Ministro de Estado para la Integraci\u00f3n y el Comercio Exterio<\/strong>r, Gustavo M\u00e1rquez Mar\u00edn, tambi\u00e9n presidente de <strong>BANCOEX,<\/strong> y el gobernador del estado Falc\u00f3n, Jes\u00fas Montilla, acompa\u00f1ados de funcionarios de sus respectivos despachos.<\/p>\n<p>La intenci\u00f3n fue acordar los t\u00e9rminos para la elaboraci\u00f3n de un Plan Integral que establezca las bases para la implementaci\u00f3n de un <strong>Proyecto Modelo para la Promoci\u00f3n y el Desarrollo de las Exportaciones en el estado Falc\u00f3n<\/strong>, como entidad regional piloto.<\/p>\n<p>En t\u00e9rminos generales, el Convenio permite el <strong>apoyo rec\u00edproco en las actividades de promoci\u00f3n de las exportaciones de bienes y servicios nacionales; asistencia t\u00e9cnica y de capacitaci\u00f3n; impulsar la consolidaci\u00f3n de las peque\u00f1as empresas y cooperativas para fortalecer su participaci\u00f3n en los mercados internacionales y estimular las inversiones encaminadas a consolidar unidades productivas para la exportaci\u00f3n<\/strong>.<\/p>\n<p>En relaci\u00f3n con este convenio, el ministro Gustavo M\u00e1rquez destac\u00f3 que \u201cestamos impulsando una <strong>alianza estrat\u00e9gica para promover la capacidad exportadora del pa\u00eds<\/strong>, especialmente en este momento en que ingresamos al MERCOSUR\u201d. A juicio del presidente de <strong>BANCOEX<\/strong>, se hace urgente potenciar las capacidades de nuestro sector productivo nacional, para que podamos establecer una inserci\u00f3n equilibrada de Venezuela en el MERCOSUR.<\/p>\n<p>Adem\u00e1s, -destac\u00f3 M\u00e1rquez-, en la medida que estas <strong>peque\u00f1as empresas y cooperativas<\/strong> tengan la capacidad exportadora, en esa medida tambi\u00e9n van a poder suplir el mercado interno, van a garantizar el desarrollo end\u00f3geno, y sobre todo, van a permitir ir construyendo esquemas de asociatividad que hagan viable la democratizaci\u00f3n econ\u00f3mica, la democratizaci\u00f3n del capital e ir logrando un modelo productivo de desarrollo social, realmente sostenible.<\/p>\n<p>Inform\u00f3 tambi\u00e9n que el convenio de cooperaci\u00f3n estrat\u00e9gica a firmar ser\u00e1 a corto, mediano y largo plazo, y permitir\u00e1 abordar el fortalecimiento de las cadenas productivas que se han desarrollado en ese estado en el sector pl\u00e1stico, turismo, s\u00e1bila, coco y sobretodo en la producci\u00f3n de melones y patillas para la <strong>exportaci\u00f3n<\/strong>, aprovechando que Paraguan\u00e1 es territorio libre la plaga de la mosca de la fruta, que es un requisito muy importante para acceder a los mercados internacionales, especialmente Estados Unidos.<\/p>\n<p><strong>Bancoex, en su rol de promover las exportaciones<\/strong>, promueve el desarrollo end\u00f3geno, promueve la industrializaci\u00f3n, promueve la construcci\u00f3n del nuevo modelo productivo de las empresas de producci\u00f3n de social-, finaliz\u00f3 M\u00e1rquez Mar\u00edn.<\/p>\n<p>Por su parte, el gobernador del estado Falc\u00f3n, Jes\u00fas Montilla, resalt\u00f3 que la reuni\u00f3n de trabajo permiti\u00f3 articular una visi\u00f3n compartida de las <strong>potencialidades de exportaci\u00f3n del estado Falc\u00f3n<\/strong>, en melones, coco y s\u00e1bila, as\u00ed como el aprovechamiento de la Zona Franca Industrial de Paraguan\u00e1 -que es fundamentalmente para la exportaci\u00f3n-, la Zona Libre de Inversi\u00f3n Tur\u00edstica como receptora de turismo internacional y otros rubros importantes. <\/p>\n<p>Igualmente, expres\u00f3 la satisfacci\u00f3n de su despacho por la firma del convenio entre ambas instituciones \u2013Bancoex y Gobernaci\u00f3n-, que abarcar\u00e1 las \u00e1reas de asistencia t\u00e9cnica y crediticia, as\u00ed como el fortalecimiento de sectores de exportaci\u00f3n que mantienen vida activa en el estado Falc\u00f3n. Nancy Mart\u00ednez.<\/p>\n","protected":false},"excerpt":{"rendered":"<p>La intenci\u00f3n es potenciar las capacidades de nuestro sector productivo nacional, para que podamos establecer una inserci\u00f3n equilibrada de Venezuela en el Mercosur\u201d, asegur\u00f3 el Ministro de Estado para la Integraci\u00f3n y el Comercio Exterior Gustavo M\u00e1rquez Mar\u00edn, luego de<span class=\"ellipsis\">&hellip;<\/span><\/p>\n<div class=\"read-more\"><a href=\"https:\/\/www.exportapymes.com\/comercio-exterior-america-esp\/bancoex-se-une-a-la-provincia-de-falcon-para-promover-la-capacidad-exportadora-del-pais\/\">Leer m&aacute;s &#8250;<\/a><\/div>\n<p><!-- end of .read-more --><\/p>\n","protected":false},"author":1,"featured_media":0,"comment_status":"open","ping_status":"open","sticky":false,"template":"","format":"standard","meta":{"footnotes":""},"categories":[20],"tags":[],"class_list":["post-670","post","type-post","status-publish","format-standard","hentry","category-venezuela"],"_links":{"self":[{"href":"https:\/\/www.exportapymes.com\/comercio-exterior-america-esp\/wp-json\/wp\/v2\/posts\/670","targetHints":{"allow":["GET"]}}],"collection":[{"href":"https:\/\/www.exportapymes.com\/comercio-exterior-america-esp\/wp-json\/wp\/v2\/posts"}],"about":[{"href":"https:\/\/www.exportapymes.com\/comercio-exterior-america-esp\/wp-json\/wp\/v2\/types\/post"}],"author":[{"embeddable":true,"href":"https:\/\/www.exportapymes.com\/comercio-exterior-america-esp\/wp-json\/wp\/v2\/users\/1"}],"replies":[{"embeddable":true,"href":"https:\/\/www.exportapymes.com\/comercio-exterior-america-esp\/wp-json\/wp\/v2\/comments?post=670"}],"version-history":[{"count":0,"href":"https:\/\/www.exportapymes.com\/comercio-exterior-america-esp\/wp-json\/wp\/v2\/posts\/670\/revisions"}],"wp:attachment":[{"href":"https:\/\/www.exportapymes.com\/comercio-exterior-america-esp\/wp-json\/wp\/v2\/media?parent=670"}],"wp:term":[{"taxonomy":"category","embeddable":true,"href":"https:\/\/www.exportapymes.com\/comercio-exterior-america-esp\/wp-json\/wp\/v2\/categories?post=670"},{"taxonomy":"post_tag","embeddable":true,"href":"https:\/\/www.exportapymes.com\/comercio-exterior-america-esp\/wp-json\/wp\/v2\/tags?post=670"}],"curies":[{"name":"wp","href":"https:\/\/api.w.org\/{rel}","templated":true}]}}