{"id":676,"date":"2006-08-03T11:59:31","date_gmt":"2006-08-03T18:59:31","guid":{"rendered":"http:\/\/www.exportapymes.com\/comercio-exterior-america-esp\/ibce-inicia-ciclo-de-foros-sobre-comercio-exterior\/"},"modified":"2006-08-03T11:59:31","modified_gmt":"2006-08-03T18:59:31","slug":"ibce-inicia-ciclo-de-foros-sobre-comercio-exterior","status":"publish","type":"post","link":"https:\/\/www.exportapymes.com\/comercio-exterior-america-esp\/ibce-inicia-ciclo-de-foros-sobre-comercio-exterior\/","title":{"rendered":"IBCE inicia ciclo de foros sobre comercio exterior"},"content":{"rendered":"<p>El <strong>Instituto Boliviano de Comercio Exterior (IBCE)<\/strong>, ha preparado un ciclo de <strong>foros sobre comercio exterior<\/strong> en las ciudades de Santa Cruz, Cochabamba y La Paz en el marco del programa de fortalecimiento del entorno para el desarrollo del comercio nacional.<br \/>\n<img decoding=\"async\" src=\"http:\/\/www.exportapymes.com\/comercio-exterior-america-esp\/images\/ban\/bolivia.jpg\" \/>   La semana pasada, en la <strong>C\u00e1mara de Industria, Comercio, Servicios y Turismo de Santa Cruz (Cainco)<\/strong> se dio inicio al primer foro denominado \u201c\u00bf<strong>Qu\u00e9 necesita Bolivia para ser un pa\u00eds exportador<\/strong>?\u201d.<br \/>\n<!--more-->Participaron del evento varias personalidades del sector p\u00fablico y privado. Durante las exposiciones se discuti\u00f3 aspectos inherentes a la <strong>realidad exportadora nacional<\/strong> y lo que le <strong>falta a Bolivia para convertirse en un pa\u00eds exportador<\/strong>.<\/p>\n<p>Seg\u00fan el IBCE, de este ciclo de foros saldr\u00e1n propuestas de acciones para recuperar cuellos de botella de f\u00e1cil superaci\u00f3n, las cuales ser\u00e1n recogidas a fin de lograr su socializaci\u00f3n a nivel de Gobierno, sectores productivos, organismos internacionales, gremios e instituciones.<\/p>\n<p>\u201cQueremos que todos puedan criticar y aportar para que se pueda construir una <strong>Bolivia exportadora<\/strong>\u201d, dijo Hans Hartmann, presidente del IBCE.<\/p>\n<p>Asimismo, se\u00f1al\u00f3 que el objetivo fundamental de estos debates es aportar con ideas para superar la pobreza en la que vive el pa\u00eds desde hace varios a\u00f1os.<\/p>\n","protected":false},"excerpt":{"rendered":"<p>El Instituto Boliviano de Comercio Exterior (IBCE), ha preparado un ciclo de foros sobre comercio exterior en las ciudades de Santa Cruz, Cochabamba y La Paz en el marco del programa de fortalecimiento del entorno para el desarrollo del comercio<span class=\"ellipsis\">&hellip;<\/span><\/p>\n<div class=\"read-more\"><a href=\"https:\/\/www.exportapymes.com\/comercio-exterior-america-esp\/ibce-inicia-ciclo-de-foros-sobre-comercio-exterior\/\">Leer m&aacute;s &#8250;<\/a><\/div>\n<p><!-- end of .read-more --><\/p>\n","protected":false},"author":1,"featured_media":0,"comment_status":"open","ping_status":"open","sticky":false,"template":"","format":"standard","meta":{"footnotes":""},"categories":[2],"tags":[],"class_list":["post-676","post","type-post","status-publish","format-standard","hentry","category-bolivia"],"_links":{"self":[{"href":"https:\/\/www.exportapymes.com\/comercio-exterior-america-esp\/wp-json\/wp\/v2\/posts\/676","targetHints":{"allow":["GET"]}}],"collection":[{"href":"https:\/\/www.exportapymes.com\/comercio-exterior-america-esp\/wp-json\/wp\/v2\/posts"}],"about":[{"href":"https:\/\/www.exportapymes.com\/comercio-exterior-america-esp\/wp-json\/wp\/v2\/types\/post"}],"author":[{"embeddable":true,"href":"https:\/\/www.exportapymes.com\/comercio-exterior-america-esp\/wp-json\/wp\/v2\/users\/1"}],"replies":[{"embeddable":true,"href":"https:\/\/www.exportapymes.com\/comercio-exterior-america-esp\/wp-json\/wp\/v2\/comments?post=676"}],"version-history":[{"count":0,"href":"https:\/\/www.exportapymes.com\/comercio-exterior-america-esp\/wp-json\/wp\/v2\/posts\/676\/revisions"}],"wp:attachment":[{"href":"https:\/\/www.exportapymes.com\/comercio-exterior-america-esp\/wp-json\/wp\/v2\/media?parent=676"}],"wp:term":[{"taxonomy":"category","embeddable":true,"href":"https:\/\/www.exportapymes.com\/comercio-exterior-america-esp\/wp-json\/wp\/v2\/categories?post=676"},{"taxonomy":"post_tag","embeddable":true,"href":"https:\/\/www.exportapymes.com\/comercio-exterior-america-esp\/wp-json\/wp\/v2\/tags?post=676"}],"curies":[{"name":"wp","href":"https:\/\/api.w.org\/{rel}","templated":true}]}}