{"id":684,"date":"2006-08-14T21:57:57","date_gmt":"2006-08-15T04:57:57","guid":{"rendered":"http:\/\/www.exportapymes.com\/comercio-exterior-america-esp\/uruguay-registra-superavit-comercial\/"},"modified":"2006-08-14T21:57:57","modified_gmt":"2006-08-15T04:57:57","slug":"uruguay-registra-superavit-comercial","status":"publish","type":"post","link":"https:\/\/www.exportapymes.com\/comercio-exterior-america-esp\/uruguay-registra-superavit-comercial\/","title":{"rendered":"Uruguay registra super\u00e1vit comercial"},"content":{"rendered":"<p>El ministro de Econom\u00eda y Finanzas, Danilo Astori, disert\u00f3 en una seminario en el Edificio Mercosur donde realiz\u00f3 un repaso de la evoluci\u00f3n de la econom\u00eda de Uruguay desde la asunci\u00f3n de la izquierda.<br \/>\n<img decoding=\"async\" src=\"http:\/\/www.exportapymes.com\/comercio-exterior-america-esp\/images\/ban\/uruguay.jpg\" \/>   Durante su oratoria mencion\u00f3 que en el ultimo trimestre del 2006 la econom\u00eda del pa\u00eds ha crecido a muy buen ritmo. Estableci\u00f3 que en el mencionado per\u00edodo creci\u00f3 7,2% y un 6.2% en \u00faltimos 12 meses, en comparaci\u00f3n con el a\u00f1o anterior.<br \/>\nAstori explic\u00f3 que la balanza comercial, que mide flujo de <strong>exportaci\u00f3n e importaci\u00f3n<\/strong>, de bienes y servicios, est\u00e1<br \/>\n<!--more--> mostrando important\u00edsimo super\u00e1vit, &#8220;que nos muestra por comparaci\u00f3n el importante impulso de expansi\u00f3n que esta verific\u00e1ndose en materia de <strong>comercio exterior<\/strong>&#8220;. Observa<\/p>\n","protected":false},"excerpt":{"rendered":"<p>El ministro de Econom\u00eda y Finanzas, Danilo Astori, disert\u00f3 en una seminario en el Edificio Mercosur donde realiz\u00f3 un repaso de la evoluci\u00f3n de la econom\u00eda de Uruguay desde la asunci\u00f3n de la izquierda. Durante su oratoria mencion\u00f3 que en<span class=\"ellipsis\">&hellip;<\/span><\/p>\n<div class=\"read-more\"><a href=\"https:\/\/www.exportapymes.com\/comercio-exterior-america-esp\/uruguay-registra-superavit-comercial\/\">Leer m&aacute;s &#8250;<\/a><\/div>\n<p><!-- end of .read-more --><\/p>\n","protected":false},"author":1,"featured_media":0,"comment_status":"open","ping_status":"open","sticky":false,"template":"","format":"standard","meta":{"footnotes":""},"categories":[19],"tags":[],"class_list":["post-684","post","type-post","status-publish","format-standard","hentry","category-uruguay"],"_links":{"self":[{"href":"https:\/\/www.exportapymes.com\/comercio-exterior-america-esp\/wp-json\/wp\/v2\/posts\/684","targetHints":{"allow":["GET"]}}],"collection":[{"href":"https:\/\/www.exportapymes.com\/comercio-exterior-america-esp\/wp-json\/wp\/v2\/posts"}],"about":[{"href":"https:\/\/www.exportapymes.com\/comercio-exterior-america-esp\/wp-json\/wp\/v2\/types\/post"}],"author":[{"embeddable":true,"href":"https:\/\/www.exportapymes.com\/comercio-exterior-america-esp\/wp-json\/wp\/v2\/users\/1"}],"replies":[{"embeddable":true,"href":"https:\/\/www.exportapymes.com\/comercio-exterior-america-esp\/wp-json\/wp\/v2\/comments?post=684"}],"version-history":[{"count":0,"href":"https:\/\/www.exportapymes.com\/comercio-exterior-america-esp\/wp-json\/wp\/v2\/posts\/684\/revisions"}],"wp:attachment":[{"href":"https:\/\/www.exportapymes.com\/comercio-exterior-america-esp\/wp-json\/wp\/v2\/media?parent=684"}],"wp:term":[{"taxonomy":"category","embeddable":true,"href":"https:\/\/www.exportapymes.com\/comercio-exterior-america-esp\/wp-json\/wp\/v2\/categories?post=684"},{"taxonomy":"post_tag","embeddable":true,"href":"https:\/\/www.exportapymes.com\/comercio-exterior-america-esp\/wp-json\/wp\/v2\/tags?post=684"}],"curies":[{"name":"wp","href":"https:\/\/api.w.org\/{rel}","templated":true}]}}