{"id":689,"date":"2006-08-14T22:42:59","date_gmt":"2006-08-15T05:42:59","guid":{"rendered":"http:\/\/www.exportapymes.com\/comercio-exterior-america-esp\/premio-nacional-de-exportaciones-2006\/"},"modified":"2006-08-14T22:42:59","modified_gmt":"2006-08-15T05:42:59","slug":"premio-nacional-de-exportaciones-2006","status":"publish","type":"post","link":"https:\/\/www.exportapymes.com\/comercio-exterior-america-esp\/premio-nacional-de-exportaciones-2006\/","title":{"rendered":"Premio Nacional de Exportaciones 2006"},"content":{"rendered":"<p><strong>Proexport Colombia y Analdex y convocan a los exportadores a postularse para el Premio Nacional De Exportaciones 2006<\/strong>.<br \/>\n<img decoding=\"async\" src=\"http:\/\/www.exportapymes.com\/comercio-exterior-america-esp\/images\/ban\/colombia.jpg\" \/>   Este es el s\u00edmbolo de reconocimiento que todos los a\u00f1os PROEXPORT COLOMBIA y ANALDEX hacen a los <strong>exportadores colombianos<\/strong>, que con su trabajo y esfuerzo, llevan sus productos y servicios y la imagen de nuestro pa\u00eds a todos los <strong>mercados del mundo<\/strong>.<br \/>\n<!--more-->El talento y dedicaci\u00f3n de nuestra gente son el motor que nos impulsa a competir en los mercados m\u00e1s exigentes, en donde nuestros productos m\u00e1s ex\u00f3ticos hasta los m\u00e1s elaborados, llevan la pasi\u00f3n que identifica la marca de nuestro pa\u00eds.<\/p>\n<p>&#8211; <strong>XVIII Congreso Nacional de Exportaciones<\/strong><br \/>\nEvento que re\u00fane a todos los exportadores colombianos y a los principales actores tanto en el sector p\u00fablico y privado involucrados en el comercio internacional. Este a\u00f1o el tema ser\u00e1 \u201cFuturo de la inserci\u00f3n de Colombia en la econom\u00eda global\u201d<\/p>\n<p>En este foro se buscar\u00e1 determinar la mejor forma de insertar a nuestro pa\u00eds en el mercado global cada vez m\u00e1s competido y con menos fronteras.<\/p>\n<p>&#8211; <strong>Premio Nacional de Exportaciones 2006<br \/>\n<\/strong>Premiaci\u00f3n que se realiza en sus diferentes categor\u00edas dentro del marco del congreso y que se ha convertido en el principal evento de reconocimiento del ingenio y <strong>capacidad exportadora de las empresas colombianas<\/strong><\/p>\n<p>Por estas y muchas otras razones ANALDEX es el aliado estrat\u00e9gico en comercio exterior que su empresa necesita.<\/p>\n<p>Este es el s\u00edmbolo de reconocimiento que todos los a\u00f1os PROEXPORT COLOMBIA y ANALDEX hacen a los exportadores colombianos, que con su trabajo y esfuerzo, llevan sus productos y servicios y la imagen de nuestro pa\u00eds a todos los mercados del mundo.<\/p>\n<p>Gracias a todos los exportadores colombianos, nos hemos convertido en un pa\u00eds de gran potencial exportador, con una marca que el mundo reconoce y valora\u2026Colombia<\/p>\n<p><em>Rese\u00f1a historica<\/em><br \/>\nHace 18 a\u00f1os, la Asociaci\u00f3n Nacional de Comercio Exterior, ANALDEX, decidi\u00f3 destacar la labor exportadora de las empresas e instituciones que emprendieron la aventura de incursionar en los mercados internacionales y se han mantenido conquistando el mundo con sus productos y servicios.<\/p>\n<p>El <strong>PREMIO NACIONAL DE EXPORTACIONES<\/strong> fue creado en el a\u00f1o 1988 por iniciativa de la Asociaci\u00f3n Nacional de Comercio Exterior, ANALDEX, y el apoyo de la Fundaci\u00f3n Coltejer. A partir de 1994, el Fideicomiso de Promoci\u00f3n de Exportaciones, PROEXPORT COLOMBIA y ANALDEX unieron sus esfuerzos y objetivos para continuar este trabajo en aras de apoyar la actividad exportadora con el firme convencimiento de que su labor se refleja en beneficio del desarrollo social y econ\u00f3mico de Colombia. <\/p>\n<p>Desde el a\u00f1o pasado, DHL Express ha decido aliarse con Proexport Colombia y ANALDEX, con el prop\u00f3sito de hacer un reconocimiento a las compa\u00f1\u00edas pioneras y exitosas en <strong>negocios internacionales<\/strong> y espec\u00edficamente hacer una menci\u00f3n especial a la <strong>gesti\u00f3n en log\u00edstica de exportaci\u00f3n<\/strong>, como factor clave de \u00e9xito del <strong>proceso exportador<\/strong>. <\/p>\n<p>A lo largo de estos  a\u00f1os se han postulado m\u00e1s de  1700 <strong>empresas exportadoras<\/strong> de bienes y de servicios de amplio reconocimiento nacional e internacional, se han presentado novedosos proyectos y productos de exportaci\u00f3n, empresas e instituciones que apoyan esta labor y que hoy en d\u00eda son <strong>experiencias exitosas de exportaci\u00f3n<\/strong>.<br \/>\n<a href=\"http:\/\/www.proexport.gov.co\/VBeContent\/Fileprocess.asp?ID=6163&#038;Link=library\/documents\/DocNewsNo7083DocumentNo6163.DOC\" target=\"_blank\">Formulario de Postulaci\u00f3n.DOC<\/a><\/p>\n","protected":false},"excerpt":{"rendered":"<p>Proexport Colombia y Analdex y convocan a los exportadores a postularse para el Premio Nacional De Exportaciones 2006. Este es el s\u00edmbolo de reconocimiento que todos los a\u00f1os PROEXPORT COLOMBIA y ANALDEX hacen a los exportadores colombianos, que con su<span class=\"ellipsis\">&hellip;<\/span><\/p>\n<div class=\"read-more\"><a href=\"https:\/\/www.exportapymes.com\/comercio-exterior-america-esp\/premio-nacional-de-exportaciones-2006\/\">Leer m&aacute;s &#8250;<\/a><\/div>\n<p><!-- end of .read-more --><\/p>\n","protected":false},"author":1,"featured_media":0,"comment_status":"open","ping_status":"open","sticky":false,"template":"","format":"standard","meta":{"footnotes":""},"categories":[5],"tags":[],"class_list":["post-689","post","type-post","status-publish","format-standard","hentry","category-colombia"],"_links":{"self":[{"href":"https:\/\/www.exportapymes.com\/comercio-exterior-america-esp\/wp-json\/wp\/v2\/posts\/689","targetHints":{"allow":["GET"]}}],"collection":[{"href":"https:\/\/www.exportapymes.com\/comercio-exterior-america-esp\/wp-json\/wp\/v2\/posts"}],"about":[{"href":"https:\/\/www.exportapymes.com\/comercio-exterior-america-esp\/wp-json\/wp\/v2\/types\/post"}],"author":[{"embeddable":true,"href":"https:\/\/www.exportapymes.com\/comercio-exterior-america-esp\/wp-json\/wp\/v2\/users\/1"}],"replies":[{"embeddable":true,"href":"https:\/\/www.exportapymes.com\/comercio-exterior-america-esp\/wp-json\/wp\/v2\/comments?post=689"}],"version-history":[{"count":0,"href":"https:\/\/www.exportapymes.com\/comercio-exterior-america-esp\/wp-json\/wp\/v2\/posts\/689\/revisions"}],"wp:attachment":[{"href":"https:\/\/www.exportapymes.com\/comercio-exterior-america-esp\/wp-json\/wp\/v2\/media?parent=689"}],"wp:term":[{"taxonomy":"category","embeddable":true,"href":"https:\/\/www.exportapymes.com\/comercio-exterior-america-esp\/wp-json\/wp\/v2\/categories?post=689"},{"taxonomy":"post_tag","embeddable":true,"href":"https:\/\/www.exportapymes.com\/comercio-exterior-america-esp\/wp-json\/wp\/v2\/tags?post=689"}],"curies":[{"name":"wp","href":"https:\/\/api.w.org\/{rel}","templated":true}]}}