{"id":695,"date":"2006-08-15T06:14:15","date_gmt":"2006-08-15T13:14:15","guid":{"rendered":"http:\/\/www.exportapymes.com\/comercio-exterior-america-esp\/proyecto-formando-pymes-exportadoras-exporto-mas-de-us-4-millones\/"},"modified":"2006-08-15T06:14:15","modified_gmt":"2006-08-15T13:14:15","slug":"proyecto-formando-pymes-exportadoras-exporto-mas-de-us-4-millones","status":"publish","type":"post","link":"https:\/\/www.exportapymes.com\/comercio-exterior-america-esp\/proyecto-formando-pymes-exportadoras-exporto-mas-de-us-4-millones\/","title":{"rendered":"Proyecto \u201cformando pymes exportadoras\u201d export\u00f3 m\u00e1s de US$ 4 millones"},"content":{"rendered":"<p>El presidente de la<strong> Asociaci\u00f3n de Exportadores (ADEX)<\/strong>, Luis G. Vega Monteferri, revel\u00f3 que las <strong>Peque\u00f1as y Micro Empresas<\/strong> participantes del<strong> Programa \u201cFormando Pymes Exportadoras\u201d<\/strong> que se realiza en alianza estrat\u00e9gica con el gobierno Suizo, permiti\u00f3 la capacitaci\u00f3n de 82<strong> Pymes<\/strong> de Lima y el interior del pa\u00eds, de las cuales 46 ya <strong>exportaron<\/strong> por US$ 4 millones 270 mil.<br \/>\n<img decoding=\"async\" src=\"http:\/\/www.exportapymes.com\/comercio-exterior-america-esp\/images\/ban\/peru.jpg\" \/>   Vega Monteferri puntualiz\u00f3 que el <strong>proyecto \u201cFormando Pymes Exportadoras\u201d<\/strong> inici\u00f3 su trabajo en septiembre del 2004 y finaliz\u00f3 en marzo del 2005, lapso en el que se fijo la metodolog\u00eda que se uso para la <strong>capacitaci\u00f3n de las Pymes<\/strong>.<br \/>\n<!--more-->En la segunda etapa que se inicio en setiembre del 2005, se capacit\u00f3 a 82 peque\u00f1as empresas, de las cuales 46 ya est\u00e1n exportando de manera directa y\/o subcontratada por otras empresas.<\/p>\n<p>Se\u00f1al\u00f3 que la metodolog\u00eda de trabajo ha permitido consolidar una <strong>oferta exportable<\/strong> basada en el cumplimiento de est\u00e1ndares internacionales de calidad, cumplimiento de plazos de entrega, mejora de costos y participaci\u00f3n en Misiones Comerciales.<\/p>\n<p>Se debe indicar que este conjunto de acciones es el resultado de una experiencia piloto que ADEX plante\u00f3 a la cooperaci\u00f3n Suiza a finales del 2003. Actualmente, el gremio exportador y la cooperaci\u00f3n Suiza siguen implementando esta estrategia con base al trabajo efectuado en Lima, el cual puede extenderse a las regiones como Jun\u00edn, La Libertad, Moquegua, y San Mart\u00edn, con la participaci\u00f3n de contrapartes regionales involucradas en la promoci\u00f3n exportadora como C\u00e1maras de Comercio, Gobiernos Regionales, Universidades y Municipalidades.<\/p>\n<p><em>Sectores<\/em><br \/>\nVega Monteferri afirm\u00f3 que el sector con mayor \u00edndice de exportaci\u00f3n es el agroindustrial que genera el 60% de las exportaciones se\u00f1aladas. Asimismo el sector confecciones de prenda de vestir que supone otro gran porcentaje, al igual que el sector artesan\u00eda.<\/p>\n<p>El sector metalmec\u00e1nica tambi\u00e9n se encuentra comprendido y aunque ha generado solo el 3% del total exportado por las Pymes del proyecto, representa un potencial de exportaci\u00f3n principalmente para los pa\u00edses vecinos a trav\u00e9s del desarrollo de esquemas de Subcontrataci\u00f3n.<\/p>\n","protected":false},"excerpt":{"rendered":"<p>El presidente de la Asociaci\u00f3n de Exportadores (ADEX), Luis G. Vega Monteferri, revel\u00f3 que las Peque\u00f1as y Micro Empresas participantes del Programa \u201cFormando Pymes Exportadoras\u201d que se realiza en alianza estrat\u00e9gica con el gobierno Suizo, permiti\u00f3 la capacitaci\u00f3n de 82<span class=\"ellipsis\">&hellip;<\/span><\/p>\n<div class=\"read-more\"><a href=\"https:\/\/www.exportapymes.com\/comercio-exterior-america-esp\/proyecto-formando-pymes-exportadoras-exporto-mas-de-us-4-millones\/\">Leer m&aacute;s &#8250;<\/a><\/div>\n<p><!-- end of .read-more --><\/p>\n","protected":false},"author":1,"featured_media":0,"comment_status":"open","ping_status":"open","sticky":false,"template":"","format":"standard","meta":{"footnotes":""},"categories":[17],"tags":[],"class_list":["post-695","post","type-post","status-publish","format-standard","hentry","category-peru"],"_links":{"self":[{"href":"https:\/\/www.exportapymes.com\/comercio-exterior-america-esp\/wp-json\/wp\/v2\/posts\/695","targetHints":{"allow":["GET"]}}],"collection":[{"href":"https:\/\/www.exportapymes.com\/comercio-exterior-america-esp\/wp-json\/wp\/v2\/posts"}],"about":[{"href":"https:\/\/www.exportapymes.com\/comercio-exterior-america-esp\/wp-json\/wp\/v2\/types\/post"}],"author":[{"embeddable":true,"href":"https:\/\/www.exportapymes.com\/comercio-exterior-america-esp\/wp-json\/wp\/v2\/users\/1"}],"replies":[{"embeddable":true,"href":"https:\/\/www.exportapymes.com\/comercio-exterior-america-esp\/wp-json\/wp\/v2\/comments?post=695"}],"version-history":[{"count":0,"href":"https:\/\/www.exportapymes.com\/comercio-exterior-america-esp\/wp-json\/wp\/v2\/posts\/695\/revisions"}],"wp:attachment":[{"href":"https:\/\/www.exportapymes.com\/comercio-exterior-america-esp\/wp-json\/wp\/v2\/media?parent=695"}],"wp:term":[{"taxonomy":"category","embeddable":true,"href":"https:\/\/www.exportapymes.com\/comercio-exterior-america-esp\/wp-json\/wp\/v2\/categories?post=695"},{"taxonomy":"post_tag","embeddable":true,"href":"https:\/\/www.exportapymes.com\/comercio-exterior-america-esp\/wp-json\/wp\/v2\/tags?post=695"}],"curies":[{"name":"wp","href":"https:\/\/api.w.org\/{rel}","templated":true}]}}