{"id":713,"date":"2006-08-26T17:38:25","date_gmt":"2006-08-27T00:38:25","guid":{"rendered":"http:\/\/www.exportapymes.com\/comercio-exterior-america-esp\/el-ivex-apoya-el-desarrollo-de-156-proyectos-de-promocion-exterior\/"},"modified":"2006-09-13T02:30:23","modified_gmt":"2006-09-13T09:30:23","slug":"el-ivex-apoya-el-desarrollo-de-156-proyectos-de-promocion-exterior","status":"publish","type":"post","link":"https:\/\/www.exportapymes.com\/comercio-exterior-america-esp\/el-ivex-apoya-el-desarrollo-de-156-proyectos-de-promocion-exterior\/","title":{"rendered":"El Ivex apoya el desarrollo de 156 proyectos de promoci\u00f3n exterior"},"content":{"rendered":"<p><strong>El Instituto Valenciano de la Exportaci\u00f3n (Ivex)<\/strong> ha concedido ayudas por valor de 1,92 millones de euros para el desarrollo de 156 acciones de promoci\u00f3n organizadas a trav\u00e9s de asociaciones sectoriales y c\u00e1maras de comercio, en el marco de la orden de <strong>Internacionalizaci\u00f3n y Promoci\u00f3n Comercial 2006<\/strong> publicada por la conselleria de Empresa, Universidad y Ciencia, seg\u00fan informaron fuentes de la Generalitat.<br \/>\n<img decoding=\"async\" src=\"http:\/\/www.exportapymes.com\/comercio-exterior-america-esp\/images\/ban\/spain.jpg\" \/>   La directora general de Exportaci\u00f3n, Maritina Hern\u00e1ndez, se\u00f1al\u00f3 que el objetivo de las ayudas es &#8220;<strong>favorecer la internacionalizaci\u00f3n de las empresas y la promoci\u00f3n y comercializaci\u00f3n de los productos de la Comunitat Valenciana<\/strong>&#8220;, adem\u00e1s de &#8220;contribuir a la realizaci\u00f3n de acciones que permitan incrementar y consolidar su presencia en los <strong>principales mercados<\/strong> <strong>internacionales mejorando el nivel de competitividad<\/strong> de nuestro tejido productivo&#8221;.<br \/>\n<!--more-->As\u00ed, son objeto de ayudas la participaci\u00f3n en ferias internacionales y misiones comerciales, tanto a trav\u00e9s de las asociaciones empresariales y c\u00e1maras de comercio como a trav\u00e9s del <strong>Ivex<\/strong>; las <strong>actividades de promoci\u00f3n exterior<\/strong> realizadas por empresas agrupadas en grupos de <strong>promoci\u00f3n y la contrataci\u00f3n de gestores de exportaci\u00f3n<\/strong> a tiempo parcial.<\/p>\n<p>Hern\u00e1ndez destac\u00f3 que una vez finalizado el plazo para la solicitud de las ayudas correspondientes a la participaci\u00f3n en acciones de promoci\u00f3n desarrolladas por las c\u00e1maras de comercio y asociaciones sectoriales, el balance arroja el apoyo de 156 proyectos emprendidos por 24 asociaciones sectoriales y tres c\u00e1maras de comercio, con un importe concedido de 1,92 millones de euros, lo que representa que ya se ha ejecutado el 77,6 por ciento del importe total de la orden, indic\u00f3.<\/p>\n<p>Entre los sectores representados en las asociaciones que se han acogido a estas subvenciones figuran el calzado, el mueble y mueble ba\u00f1o, los transformados, el hortofrut\u00edcola, el juguete, la cer\u00e1mica decorativa, la maquinaria para la madera, el editorial y audiovisual, el textil hogar y el m\u00e1rmol, entre otros. Europa Press<\/p>\n","protected":false},"excerpt":{"rendered":"<p>El Instituto Valenciano de la Exportaci\u00f3n (Ivex) ha concedido ayudas por valor de 1,92 millones de euros para el desarrollo de 156 acciones de promoci\u00f3n organizadas a trav\u00e9s de asociaciones sectoriales y c\u00e1maras de comercio, en el marco de la<span class=\"ellipsis\">&hellip;<\/span><\/p>\n<div class=\"read-more\"><a href=\"https:\/\/www.exportapymes.com\/comercio-exterior-america-esp\/el-ivex-apoya-el-desarrollo-de-156-proyectos-de-promocion-exterior\/\">Leer m&aacute;s &#8250;<\/a><\/div>\n<p><!-- end of .read-more --><\/p>\n","protected":false},"author":1,"featured_media":0,"comment_status":"open","ping_status":"open","sticky":false,"template":"","format":"standard","meta":{"footnotes":""},"categories":[22,25],"tags":[],"class_list":["post-713","post","type-post","status-publish","format-standard","hentry","category-espana","category-internacionalizacion"],"_links":{"self":[{"href":"https:\/\/www.exportapymes.com\/comercio-exterior-america-esp\/wp-json\/wp\/v2\/posts\/713","targetHints":{"allow":["GET"]}}],"collection":[{"href":"https:\/\/www.exportapymes.com\/comercio-exterior-america-esp\/wp-json\/wp\/v2\/posts"}],"about":[{"href":"https:\/\/www.exportapymes.com\/comercio-exterior-america-esp\/wp-json\/wp\/v2\/types\/post"}],"author":[{"embeddable":true,"href":"https:\/\/www.exportapymes.com\/comercio-exterior-america-esp\/wp-json\/wp\/v2\/users\/1"}],"replies":[{"embeddable":true,"href":"https:\/\/www.exportapymes.com\/comercio-exterior-america-esp\/wp-json\/wp\/v2\/comments?post=713"}],"version-history":[{"count":0,"href":"https:\/\/www.exportapymes.com\/comercio-exterior-america-esp\/wp-json\/wp\/v2\/posts\/713\/revisions"}],"wp:attachment":[{"href":"https:\/\/www.exportapymes.com\/comercio-exterior-america-esp\/wp-json\/wp\/v2\/media?parent=713"}],"wp:term":[{"taxonomy":"category","embeddable":true,"href":"https:\/\/www.exportapymes.com\/comercio-exterior-america-esp\/wp-json\/wp\/v2\/categories?post=713"},{"taxonomy":"post_tag","embeddable":true,"href":"https:\/\/www.exportapymes.com\/comercio-exterior-america-esp\/wp-json\/wp\/v2\/tags?post=713"}],"curies":[{"name":"wp","href":"https:\/\/api.w.org\/{rel}","templated":true}]}}