{"id":716,"date":"2006-08-26T18:09:09","date_gmt":"2006-08-27T01:09:09","guid":{"rendered":"http:\/\/www.exportapymes.com\/comercio-exterior-america-esp\/premios-de-la-generalitat-de-catalunya-a-la-internacionalizacion\/"},"modified":"2006-09-13T02:20:19","modified_gmt":"2006-09-13T09:20:19","slug":"premios-de-la-generalitat-de-catalunya-a-la-internacionalizacion","status":"publish","type":"post","link":"https:\/\/www.exportapymes.com\/comercio-exterior-america-esp\/premios-de-la-generalitat-de-catalunya-a-la-internacionalizacion\/","title":{"rendered":"Premios de la Generalitat de Catalunya a la Internacionalizaci\u00f3n"},"content":{"rendered":"<p>La Generalitat obre la convocat\u00f2ria dels<strong> Premis a la Internacionalitzaci\u00f3 de l\u2019Economia catalana 2005<\/strong>.<br \/>\nL\u2019objectiu dels Premis \u00e9s distingir p\u00fablicament les persones, les empreses i les entitats o els ens p\u00fablics de Catalunya que, en el decurs del 2005, han <strong>contribu\u00eft activament a la internacionalitzaci\u00f3 de l\u2019economia catalana<\/strong>.<br \/>\n<img decoding=\"async\" src=\"http:\/\/www.exportapymes.com\/comercio-exterior-america-esp\/images\/ban\/spain.jpg\" \/>    Aquesta iniciativa t\u00e9 per objectiu posicionar Catalunya en el seu entorn econ\u00f2mic com una de les millors pr\u00e0ctiques en comer\u00e7 exterior i es recull en el Pla per a la <strong>Internacionalitzaci\u00f3 de l\u2019Empresa Catalana 2005-2008 del COPCA<\/strong>.<br \/>\n<!--more-->La Direcci\u00f3 General de Comer\u00e7 del Departament d\u2019Economia i Finances ha obert la convocat\u00f2ria dels Premis de la Generalitat de Catalunya a la Internacionalitzaci\u00f3 de l\u2019Economia Catalana 2005. L\u2019objectiu d\u2019aquests Premis, que arriben a la seva 13ena edici\u00f3, \u00e9s distingir p\u00fablicament i estimular les persones individuals, les empreses i les entitats o els ens p\u00fablics catalans que, en el decurs del 2005, han destacat per les seves activitats i iniciatives en l&#8217;\u00e0mbit del sector exterior i han contribu\u00eft activament a la internacionalitzaci\u00f3 de l&#8217;economia catalana.<\/p>\n<p>Les sol\u00b7licituds als <strong>Premis a la Internacionalitzaci\u00f3 de l\u2019Economia Catalana<\/strong> 2005, oberta fins el proper 20 de setembre, s\u2019han de formalitzar amb els impresos normalitzats disponibles a <a href=\"http:\/\/www.gencat.net\/ctc\/comer\u00e7\">www.gencat.net\/ctc\/comer\u00e7<\/a> i presentar als registres de qualsevol de les oficines del Departament d\u2019Economia i Finances o per qualsevol altra de les formes que preveu l\u2019article 38.4 de la Llei 30\/1992, de 26 de novembre, de r\u00e8gim jur\u00eddic de les administracions p\u00fabliques i del procediment administratiu com\u00fa.<\/p>\n<p><em><strong>Beneficiaris dels Premis de la Generalitat de Catalunya a la Internacionalitzaci\u00f3 de l\u2019Economia Catalana 2005<\/strong>:<\/em><em>a) Premi a les persones individuals que, en l&#8217;exercici de la seva activitat professional, s&#8217;han destacat per la seva traject\u00f2ria emprenedora afrontant nous reptes de mercat i demostrant una gran capacitat competitiva, contribuint a la difusi\u00f3, la promoci\u00f3, la informaci\u00f3 o altre objectiu destinat a afavorir la internacionalitzaci\u00f3 de l&#8217;economia catalana.<\/p>\n<p><\/em>a) Premi a les persones individuals que, en l&#8217;exercici de la seva activitat professional, s&#8217;han destacat per la seva traject\u00f2ria emprenedora afrontant nous reptes de mercat i demostrant una gran capacitat competitiva, contribuint a la difusi\u00f3, la promoci\u00f3, la informaci\u00f3 o altre objectiu destinat a afavorir la internacionalitzaci\u00f3 de l&#8217;economia catalana.b) Premis a les empreses que s\u2019han distingit per les seves activitats en el camp de la internacionalitzaci\u00f3 amb les modalitats de petita, mitjana i gran empresa (segons la Recomanaci\u00f3 2003\/361 de la CE, vigent des de l\u20191 de gener de 2005, sobre definici\u00f3 de Pimes).<\/p>\n<p>c) Premi a les entitats o els ens p\u00fablics que s&#8217;han distingit per les seves actuacions de difusi\u00f3, promoci\u00f3, formaci\u00f3 o informaci\u00f3 en l&#8217;\u00e0mbit de la internacionalitzaci\u00f3.<\/p>\n<p>d) Premi a les empreses que s&#8217;han iniciat en el camp de l&#8217;exportaci\u00f3 dins del programa NEX.<\/p>\n<p>e) Premi a l&#8217;\u00fas de les noves tecnologies inform\u00e0tiques en el proc\u00e9s d&#8217;internacionalitzaci\u00f3, destinat a les empreses que les han aplicat en els seus sistemes de gesti\u00f3, distribuci\u00f3 o comercialitzaci\u00f3 per potenciar el seu acc\u00e9s a determinats mercats o per obrir-ne de nous, i a les entitats o ens p\u00fablics que les han aplicat en els seus sistemes de gesti\u00f3 i en les seves actuacions de difusi\u00f3, promoci\u00f3, formaci\u00f3, informaci\u00f3 i assessorament.<\/p>\n<p>Els <strong>Premis de la Generalitat de Catalunya a la Internacionalitzaci\u00f3 de l\u2019Economia Catalana<\/strong> 2005 s\u2019atorgaran per resoluci\u00f3 del conseller d\u2019Economia i Finances, a proposta d\u2019un jurat, i es lliuraran en un acte p\u00fablic en el qual es far\u00e0 refer\u00e8ncia expressa als m\u00e8rits contrets per la persona individual, les empreses i les entitats o els ens p\u00fablics premiats.<\/p>\n","protected":false},"excerpt":{"rendered":"<p>La Generalitat obre la convocat\u00f2ria dels Premis a la Internacionalitzaci\u00f3 de l\u2019Economia catalana 2005. L\u2019objectiu dels Premis \u00e9s distingir p\u00fablicament les persones, les empreses i les entitats o els ens p\u00fablics de Catalunya que, en el decurs del 2005, han<span class=\"ellipsis\">&hellip;<\/span><\/p>\n<div class=\"read-more\"><a href=\"https:\/\/www.exportapymes.com\/comercio-exterior-america-esp\/premios-de-la-generalitat-de-catalunya-a-la-internacionalizacion\/\">Leer m&aacute;s &#8250;<\/a><\/div>\n<p><!-- end of .read-more --><\/p>\n","protected":false},"author":1,"featured_media":0,"comment_status":"open","ping_status":"open","sticky":false,"template":"","format":"standard","meta":{"footnotes":""},"categories":[22,25],"tags":[],"class_list":["post-716","post","type-post","status-publish","format-standard","hentry","category-espana","category-internacionalizacion"],"_links":{"self":[{"href":"https:\/\/www.exportapymes.com\/comercio-exterior-america-esp\/wp-json\/wp\/v2\/posts\/716","targetHints":{"allow":["GET"]}}],"collection":[{"href":"https:\/\/www.exportapymes.com\/comercio-exterior-america-esp\/wp-json\/wp\/v2\/posts"}],"about":[{"href":"https:\/\/www.exportapymes.com\/comercio-exterior-america-esp\/wp-json\/wp\/v2\/types\/post"}],"author":[{"embeddable":true,"href":"https:\/\/www.exportapymes.com\/comercio-exterior-america-esp\/wp-json\/wp\/v2\/users\/1"}],"replies":[{"embeddable":true,"href":"https:\/\/www.exportapymes.com\/comercio-exterior-america-esp\/wp-json\/wp\/v2\/comments?post=716"}],"version-history":[{"count":0,"href":"https:\/\/www.exportapymes.com\/comercio-exterior-america-esp\/wp-json\/wp\/v2\/posts\/716\/revisions"}],"wp:attachment":[{"href":"https:\/\/www.exportapymes.com\/comercio-exterior-america-esp\/wp-json\/wp\/v2\/media?parent=716"}],"wp:term":[{"taxonomy":"category","embeddable":true,"href":"https:\/\/www.exportapymes.com\/comercio-exterior-america-esp\/wp-json\/wp\/v2\/categories?post=716"},{"taxonomy":"post_tag","embeddable":true,"href":"https:\/\/www.exportapymes.com\/comercio-exterior-america-esp\/wp-json\/wp\/v2\/tags?post=716"}],"curies":[{"name":"wp","href":"https:\/\/api.w.org\/{rel}","templated":true}]}}