{"id":72,"date":"2006-02-23T19:52:59","date_gmt":"2006-02-23T22:52:59","guid":{"rendered":"http:\/\/www.exportapymes.com\/comercio-exterior-america-esp\/venezuela-afirma-incremento-de-exportacion-de-productos-no-tradicionales\/"},"modified":"2006-02-28T16:53:41","modified_gmt":"2006-02-28T23:53:41","slug":"venezuela-afirma-incremento-de-exportacion-de-productos-no-tradicionales","status":"publish","type":"post","link":"https:\/\/www.exportapymes.com\/comercio-exterior-america-esp\/venezuela-afirma-incremento-de-exportacion-de-productos-no-tradicionales\/","title":{"rendered":"Venezuela afirma incremento de exportaci\u00f3n de productos no tradicionales"},"content":{"rendered":"<p>El ministro de Estado para la <strong>Integraci\u00f3n y Comercio Exterior<\/strong>, considera que Venezuela debe dejar de verse como un pa\u00eds \u00fanicamente exportador de petr\u00f3leo, pues se ha<strong> <\/strong>incrementado la <strong>exportaci\u00f3n de productos no tradicionales<\/strong>.<br \/>\n<img decoding=\"async\" src=\"http:\/\/www.exportapymes.com\/comercio-exterior-america-esp\/images\/ban\/venezuela.jpg\" \/>   &#8220;Mientras tengamos un plantel encadenado, vale decir, el acero, el aluminio, el carb\u00f3n, toda esta cantidad de materiales que tiene Venezuela, una industria b\u00e1sica muy importante, que se pueda encadenar con nuevas inversiones y nuevas industrias que produzca los productos los insumos industriales, ya que este <!--more-->momento <strong>nuestra industria est\u00e1 exportando<\/strong> a terceros pa\u00edses&#8221;, dijo Gustavo M\u00e1rquez.<\/p>\n<p>Manifest\u00f3 M\u00e1rquez que hay que estimular la creaci\u00f3n de una cultura exportadora, &#8220;que no es otra cosa que una cultura productiva, en la cual los emprendedores, las empresas, las asociaciones, asuman el reto de crear y producir en unos costos menores y que puedan crear est\u00e1ndares de calidad a los fines de proveer estos bienes y servicios&#8221;.<\/p>\n<p>El tambi\u00e9n presidente del <strong>Banco Exterior<\/strong>, se\u00f1al\u00f3 que la preocupaci\u00f3n que se ha generado por el ingreso de Venezuela a grupos regionales como el Mercosur es valedera, debido a las asimetr\u00edas que se presentan en Am\u00e9rica Latina.<\/p>\n<p>&#8220;Es valida esa preocupaci\u00f3n, porque efectivamente cuando el intercambio comercial se da sin tomar en cuenta las asimetr\u00edas, es decir, sin buscar un mecanismo de compensaci\u00f3n, de defensa de aquellos pa\u00edses que tiene un menor desarrollo respecto al que tiene uno mayor, obviamente eso va a conducir a un desequilibrio que no va a permitir darle sostenibilidad a la relaci\u00f3n&#8221;.<\/p>\n<p>M\u00e1rquez se\u00f1al\u00f3 que el Gobierno Nacional ha creado planes de financiamiento para la peque\u00f1a y mediana industria para aumentar la capacidad de exportaci\u00f3n, y estim\u00f3 que los acuerdos bilaterales como parte del proceso de integraci\u00f3n de la regi\u00f3n ayudar\u00e1n a crear una corriente de comercio beneficiosa para el pa\u00eds. Noticias Uni\u00f3n Radio<\/p>\n","protected":false},"excerpt":{"rendered":"<p>El ministro de Estado para la Integraci\u00f3n y Comercio Exterior, considera que Venezuela debe dejar de verse como un pa\u00eds \u00fanicamente exportador de petr\u00f3leo, pues se ha incrementado la exportaci\u00f3n de productos no tradicionales. &#8220;Mientras tengamos un plantel encadenado, vale<span class=\"ellipsis\">&hellip;<\/span><\/p>\n<div class=\"read-more\"><a href=\"https:\/\/www.exportapymes.com\/comercio-exterior-america-esp\/venezuela-afirma-incremento-de-exportacion-de-productos-no-tradicionales\/\">Leer m&aacute;s &#8250;<\/a><\/div>\n<p><!-- end of .read-more --><\/p>\n","protected":false},"author":1,"featured_media":0,"comment_status":"open","ping_status":"open","sticky":false,"template":"","format":"standard","meta":{"footnotes":""},"categories":[20],"tags":[],"class_list":["post-72","post","type-post","status-publish","format-standard","hentry","category-venezuela"],"_links":{"self":[{"href":"https:\/\/www.exportapymes.com\/comercio-exterior-america-esp\/wp-json\/wp\/v2\/posts\/72","targetHints":{"allow":["GET"]}}],"collection":[{"href":"https:\/\/www.exportapymes.com\/comercio-exterior-america-esp\/wp-json\/wp\/v2\/posts"}],"about":[{"href":"https:\/\/www.exportapymes.com\/comercio-exterior-america-esp\/wp-json\/wp\/v2\/types\/post"}],"author":[{"embeddable":true,"href":"https:\/\/www.exportapymes.com\/comercio-exterior-america-esp\/wp-json\/wp\/v2\/users\/1"}],"replies":[{"embeddable":true,"href":"https:\/\/www.exportapymes.com\/comercio-exterior-america-esp\/wp-json\/wp\/v2\/comments?post=72"}],"version-history":[{"count":0,"href":"https:\/\/www.exportapymes.com\/comercio-exterior-america-esp\/wp-json\/wp\/v2\/posts\/72\/revisions"}],"wp:attachment":[{"href":"https:\/\/www.exportapymes.com\/comercio-exterior-america-esp\/wp-json\/wp\/v2\/media?parent=72"}],"wp:term":[{"taxonomy":"category","embeddable":true,"href":"https:\/\/www.exportapymes.com\/comercio-exterior-america-esp\/wp-json\/wp\/v2\/categories?post=72"},{"taxonomy":"post_tag","embeddable":true,"href":"https:\/\/www.exportapymes.com\/comercio-exterior-america-esp\/wp-json\/wp\/v2\/tags?post=72"}],"curies":[{"name":"wp","href":"https:\/\/api.w.org\/{rel}","templated":true}]}}