{"id":740,"date":"2006-08-27T15:21:52","date_gmt":"2006-08-27T22:21:52","guid":{"rendered":"http:\/\/www.exportapymes.com\/comercio-exterior-america-esp\/medicina-chilena-de-exportacion\/"},"modified":"2006-08-27T15:21:52","modified_gmt":"2006-08-27T22:21:52","slug":"medicina-chilena-de-exportacion","status":"publish","type":"post","link":"https:\/\/www.exportapymes.com\/comercio-exterior-america-esp\/medicina-chilena-de-exportacion\/","title":{"rendered":"Medicina Chilena de Exportaci\u00f3n"},"content":{"rendered":"<p>Buscan promocionar en el extranjero los servicios de salud chilenos en el exterior.<br \/>\nEcuador, Paraguay y Per\u00fa son los primeros pa\u00edses que se beneficiar\u00e1n con la<strong> exportaci\u00f3n de servicios de salud<\/strong> a Latinoam\u00e9rica y el Caribe que ofrece la Asociaci\u00f3n Gremial Santiago Salud. El organismo re\u00fane a cuatro instituciones de salud de nuestro pa\u00eds, entre ellas, el Hospital Cl\u00ednico Universidad de Chile.<br \/>\n<img decoding=\"async\" src=\"http:\/\/www.exportapymes.com\/comercio-exterior-america-esp\/images\/ban\/chile.jpg\" \/>   A la primera conferencia oficial organizada por la agrupaci\u00f3n asisti\u00f3 como invitado especial el doctor Antonio<br \/>\n<!--more-->Brice\u00f1o, encargado de Relaciones Internacionales del Baptist Hospital de Miami, Estados Unidos, destacado centro de atenci\u00f3n de pacientes provenientes de todo el mundo.<\/p>\n<p>La actividad se realiz\u00f3 en el ministerio de Relaciones Exteriores y fue encabezada por el ex Ministro de Salud, Dr. Pedro Garc\u00eda, Presidente de la Asociaci\u00f3n Gremial Santiago Salud, y Manuel Valencia, Director subrogante de Pro Chile. Ellos presentaron esta nueva forma de realizar exportaciones no tradicionales, a la que se sumar\u00e1 la promoci\u00f3n de otros servicios asociados, tales como el transporte, la hoteler\u00eda y las telecomunicaciones, entre otros.<\/p>\n<p>La Asociaci\u00f3n Gremial Santiago Salud la integran, adem\u00e1s, el Hospital Cl\u00ednico de la Universidad Cat\u00f3lica, el Hospital del Trabajador y la Fundaci\u00f3n Arturo L\u00f3pez P\u00e9rez (FALP). Chile.com<\/p>\n","protected":false},"excerpt":{"rendered":"<p>Buscan promocionar en el extranjero los servicios de salud chilenos en el exterior. Ecuador, Paraguay y Per\u00fa son los primeros pa\u00edses que se beneficiar\u00e1n con la exportaci\u00f3n de servicios de salud a Latinoam\u00e9rica y el Caribe que ofrece la Asociaci\u00f3n<span class=\"ellipsis\">&hellip;<\/span><\/p>\n<div class=\"read-more\"><a href=\"https:\/\/www.exportapymes.com\/comercio-exterior-america-esp\/medicina-chilena-de-exportacion\/\">Leer m&aacute;s &#8250;<\/a><\/div>\n<p><!-- end of .read-more --><\/p>\n","protected":false},"author":1,"featured_media":0,"comment_status":"open","ping_status":"open","sticky":false,"template":"","format":"standard","meta":{"footnotes":""},"categories":[4],"tags":[],"class_list":["post-740","post","type-post","status-publish","format-standard","hentry","category-chile"],"_links":{"self":[{"href":"https:\/\/www.exportapymes.com\/comercio-exterior-america-esp\/wp-json\/wp\/v2\/posts\/740","targetHints":{"allow":["GET"]}}],"collection":[{"href":"https:\/\/www.exportapymes.com\/comercio-exterior-america-esp\/wp-json\/wp\/v2\/posts"}],"about":[{"href":"https:\/\/www.exportapymes.com\/comercio-exterior-america-esp\/wp-json\/wp\/v2\/types\/post"}],"author":[{"embeddable":true,"href":"https:\/\/www.exportapymes.com\/comercio-exterior-america-esp\/wp-json\/wp\/v2\/users\/1"}],"replies":[{"embeddable":true,"href":"https:\/\/www.exportapymes.com\/comercio-exterior-america-esp\/wp-json\/wp\/v2\/comments?post=740"}],"version-history":[{"count":0,"href":"https:\/\/www.exportapymes.com\/comercio-exterior-america-esp\/wp-json\/wp\/v2\/posts\/740\/revisions"}],"wp:attachment":[{"href":"https:\/\/www.exportapymes.com\/comercio-exterior-america-esp\/wp-json\/wp\/v2\/media?parent=740"}],"wp:term":[{"taxonomy":"category","embeddable":true,"href":"https:\/\/www.exportapymes.com\/comercio-exterior-america-esp\/wp-json\/wp\/v2\/categories?post=740"},{"taxonomy":"post_tag","embeddable":true,"href":"https:\/\/www.exportapymes.com\/comercio-exterior-america-esp\/wp-json\/wp\/v2\/tags?post=740"}],"curies":[{"name":"wp","href":"https:\/\/api.w.org\/{rel}","templated":true}]}}