{"id":745,"date":"2006-08-29T20:53:58","date_gmt":"2006-08-30T03:53:58","guid":{"rendered":"http:\/\/www.exportapymes.com\/comercio-exterior-america-esp\/exportadores-del-peru-apoyaran-ultima-etapa-de-aprobacion-de-tlc-con-eeuu\/"},"modified":"2006-08-29T20:53:58","modified_gmt":"2006-08-30T03:53:58","slug":"exportadores-del-peru-apoyaran-ultima-etapa-de-aprobacion-de-tlc-con-eeuu","status":"publish","type":"post","link":"https:\/\/www.exportapymes.com\/comercio-exterior-america-esp\/exportadores-del-peru-apoyaran-ultima-etapa-de-aprobacion-de-tlc-con-eeuu\/","title":{"rendered":"Exportadores del Per\u00fa apoyar\u00e1n \u00faltima etapa de aprobaci\u00f3n de TLC con EE.UU."},"content":{"rendered":"<p>Se confirm\u00f3 la desaceleraci\u00f3n de la<strong> exportaci\u00f3n de confecciones a EE.UU.<\/strong> En el periodo enero-julio de este a\u00f1o la tasa de crecimiento fue de de 5% mientras que en similar periodo del 2005, respecto al 2004, fue de 14%. En ese sentido el presidente de la <strong>Asociaci\u00f3n de Exportadores (ADEX)<\/strong>, <strong>Luis G. Vega Monteferri<\/strong> expres\u00f3 el inter\u00e9s del sector para promover tambi\u00e9n la suscripci\u00f3n del <strong>TLC <\/strong>con el pa\u00eds del norte.<br \/>\n<img decoding=\"async\" src=\"http:\/\/www.exportapymes.com\/comercio-exterior-america-esp\/images\/ban\/peru.jpg\" \/>   En conferencia de prensa en la que junto a la <strong>Ministra de Comercio Exterior, Mercedes Araoz<\/strong>, y el <strong>Director Ejecutivo de PROMPEX, Juan Carlos Mathews<\/strong>, se dieron a conocer las <strong>cifras de exportaciones peruanas<\/strong> entre enero y julio<br \/>\n<!--more-->de este a\u00f1o, el l\u00edder exportador resalt\u00f3 los esfuerzos del gobierno para minimizar el perjuicio al <strong>sector exportador<\/strong> mientras no se implemente el TLC.<\/p>\n<p>Mathews inform\u00f3 que ya se han dado casos en los que los compradores norteamericanos incorporaron una clausura en el contrato con el exportador peruano para que \u00e9ste \u00faltimo asuma el diferencial de aranceles en caso el Per\u00fa no firme el TLC con EE.UU. (Desde el primero de enero del 2007).<\/p>\n<p>En ese sentido, la ministra precis\u00f3 que ya convers\u00f3 con algunos funcionarios de la administraci\u00f3n estadounidense para que apoyen al Per\u00fa en una salida si es que demora la aprobaci\u00f3n del TLC (en el Congreso americano). De concretarse esa posibilidad, los exportadores peruanos tendr\u00e1n que pagar aranceles en el periodo que demora la implementaci\u00f3n del TLC (desde su aprobaci\u00f3n).<\/p>\n<p>Afirm\u00f3 que el mecanismo del que se habl\u00f3 es similar al que se implement\u00f3 en los ocho meses que dur\u00f3 la implementaci\u00f3n del ATPDEA, luego del vencimiento del ATPA. \u201cSi tenemos ese hueco quisi\u00e9ramos tener herramientas de facilitaci\u00f3n de tal manera que se afiancen los aranceles con una tasa de inter\u00e9s atractiva para nuestros exportadores, para evitarles un perjuicio\u201d, detall\u00f3.<\/p>\n<p><em>Fondo de garant\u00eda<\/em><br \/>\nSe debe precisar que en el periodo mencionado por la Ministra Araoz, en el 2002, los <strong>exportadores peruanos<\/strong> efectivamente tuvieron que afrontar el pago de los aranceles a la Aduana norteamericana, que en el caso de las confecciones es en promedio de 23%. Para ello, el gobierno habilit\u00f3 un fondo de garant\u00eda con el objeto de facilitar una l\u00ednea de cr\u00e9dito intermediado por la banca.<\/p>\n<p>Cuando los aranceles fueron devueltos por la Aduana norteamericana, los <strong>exportadores peruanos<\/strong> pagaron el cr\u00e9dito los bancos. El objetivo es que con el compromiso del gobierno, la tasa de inter\u00e9s de los bancos sea aceptable ya que en la anterior oportunidad la mencionada l\u00ednea no fue muy utilizada porque no ofrec\u00eda ventajas respecto a las l\u00edneas de cr\u00e9dito que ya ten\u00edan los<strong> exportadores<\/strong>.<\/p>\n<p>El l\u00edder <strong>exportador <\/strong>refiri\u00f3 que el sub sector confecciones es sensible al TLC pues el 80% del total tiene como principal mercado a EE.UU.. A ello se debe sumar que los contratos se hacen con meses de anticipaci\u00f3n. Dijo que en el objetivo de que el Congreso norteamericano apruebe el TLC, est\u00e1 convencido que el nombramiento de Hernando de Soto en la \u00faltima etapa de la suscripci\u00f3n del TLC con EE.UU., es positivo pues da confianza a los exportadores. \u201cEs la persona id\u00f3nea\u201d, coment\u00f3.<\/p>\n<p>En la conferencia de prensa se inform\u00f3 que si bien EE.UU. se mantiene en el primer lugar del ranking de las <strong>exportaciones peruanas<\/strong>, el crecimiento que present\u00f3 respecto al periodo enero-julio de este a\u00f1o fue de 13%, tasa menor que la registrada en similar periodo del 2005, respecto al 2004 cuando fue de 58%. Las exportaciones a ese pa\u00eds entre enero y julio fue poco m\u00e1s de US$ 3,100 millones<\/p>\n","protected":false},"excerpt":{"rendered":"<p>Se confirm\u00f3 la desaceleraci\u00f3n de la exportaci\u00f3n de confecciones a EE.UU. En el periodo enero-julio de este a\u00f1o la tasa de crecimiento fue de de 5% mientras que en similar periodo del 2005, respecto al 2004, fue de 14%. En<span class=\"ellipsis\">&hellip;<\/span><\/p>\n<div class=\"read-more\"><a href=\"https:\/\/www.exportapymes.com\/comercio-exterior-america-esp\/exportadores-del-peru-apoyaran-ultima-etapa-de-aprobacion-de-tlc-con-eeuu\/\">Leer m&aacute;s &#8250;<\/a><\/div>\n<p><!-- end of .read-more --><\/p>\n","protected":false},"author":1,"featured_media":0,"comment_status":"open","ping_status":"open","sticky":false,"template":"","format":"standard","meta":{"footnotes":""},"categories":[17],"tags":[],"class_list":["post-745","post","type-post","status-publish","format-standard","hentry","category-peru"],"_links":{"self":[{"href":"https:\/\/www.exportapymes.com\/comercio-exterior-america-esp\/wp-json\/wp\/v2\/posts\/745","targetHints":{"allow":["GET"]}}],"collection":[{"href":"https:\/\/www.exportapymes.com\/comercio-exterior-america-esp\/wp-json\/wp\/v2\/posts"}],"about":[{"href":"https:\/\/www.exportapymes.com\/comercio-exterior-america-esp\/wp-json\/wp\/v2\/types\/post"}],"author":[{"embeddable":true,"href":"https:\/\/www.exportapymes.com\/comercio-exterior-america-esp\/wp-json\/wp\/v2\/users\/1"}],"replies":[{"embeddable":true,"href":"https:\/\/www.exportapymes.com\/comercio-exterior-america-esp\/wp-json\/wp\/v2\/comments?post=745"}],"version-history":[{"count":0,"href":"https:\/\/www.exportapymes.com\/comercio-exterior-america-esp\/wp-json\/wp\/v2\/posts\/745\/revisions"}],"wp:attachment":[{"href":"https:\/\/www.exportapymes.com\/comercio-exterior-america-esp\/wp-json\/wp\/v2\/media?parent=745"}],"wp:term":[{"taxonomy":"category","embeddable":true,"href":"https:\/\/www.exportapymes.com\/comercio-exterior-america-esp\/wp-json\/wp\/v2\/categories?post=745"},{"taxonomy":"post_tag","embeddable":true,"href":"https:\/\/www.exportapymes.com\/comercio-exterior-america-esp\/wp-json\/wp\/v2\/tags?post=745"}],"curies":[{"name":"wp","href":"https:\/\/api.w.org\/{rel}","templated":true}]}}