{"id":75,"date":"2006-02-24T19:54:59","date_gmt":"2006-02-24T22:54:59","guid":{"rendered":"http:\/\/www.exportapymes.com\/comercio-exterior-america-esp\/el-ivex-presenta-sus-ayudas-a-la-internacionalizacion\/"},"modified":"2006-02-24T19:54:59","modified_gmt":"2006-02-24T22:54:59","slug":"el-ivex-presenta-sus-ayudas-a-la-internacionalizacion","status":"publish","type":"post","link":"https:\/\/www.exportapymes.com\/comercio-exterior-america-esp\/el-ivex-presenta-sus-ayudas-a-la-internacionalizacion\/","title":{"rendered":"El IVEX presenta sus ayudas a la internacionalizaci\u00f3n"},"content":{"rendered":"<p><strong>La directora general de Exportaci\u00f3n del Instituto Valenciano de la Exportaci\u00f3n (IVEX)<\/strong>, Maritina Hern\u00e1ndez, present\u00f3 este jueves en Castell\u00f3n la nueva l\u00ednea de ayudas del <strong>IVEX<\/strong> a <strong>empresas<\/strong> hacia <strong>proyectos<\/strong> en materia de <strong>internacionalizaci\u00f3n<\/strong>.<br \/>\n<img decoding=\"async\" src=\"http:\/\/www.exportapymes.com\/comercio-exterior-america-esp\/images\/ban\/spain.jpg\" \/>   Hern\u00e1ndez, que imparti\u00f3 en la <strong>C\u00e1mara de Comercio de Castell\u00f3n<\/strong> una conferencia sobre las <strong>claves del proceso de internacionalizaci\u00f3n de las empresas y de la econom\u00eda<\/strong> valenciana, explic\u00f3 que la nueva<!--more-->l\u00ednea de ayudas proceder\u00e1 de fondos desde los <strong>planes de competitividad<\/strong>.<\/p>\n<p>En este sentido, precis\u00f3 que se concretar\u00e1 en una nueva orden de ayudas, que actualmente se est\u00e1 preparando y saldr\u00e1 en el pr\u00f3ximo mes de marzo, y que permitir\u00e1 apoyar nuevas actividades en \u00e9ste \u00e1mbito, como la creaci\u00f3n y <strong>consolidaci\u00f3n de marcas de empresas<\/strong> de la Comunidad Valenciana en los <strong>mercados internacionales<\/strong>&#8220;.<\/p>\n<p>Para ello, dijo, &#8220;se llevar\u00e1n a cabo dos l\u00edneas de actuaci\u00f3n, el <strong>plan de m\u00e1rketing y comunicaci\u00f3n<\/strong> cooperativa de esa marca y la protecci\u00f3n legal y jur\u00eddica de nuestras <strong>marcas en el exterior<\/strong>&#8220;.<\/p>\n<p>Maritina Hern\u00e1ndez destac\u00f3 la importancia de &#8220;ofrecer elementos de car\u00e1cter estrat\u00e9gico e instrumentos que permitan a las empresas superar y desarrollar sus proyectos en <strong>materia de internacionalizaci\u00f3n<\/strong> con las mayores garant\u00edas de \u00e9xito&#8221;.<\/p>\n<p>Seg\u00fan a\u00f1adi\u00f3, &#8220;debemos pensar que la marca ofrece diferenciaci\u00f3n y valor a\u00f1adido a nuestros productos <strong>en el exterior<\/strong>, y es esa marca la que puede hacer que nuestros productos permanezcan y sobrevivan en esos <strong>mercados<\/strong>&#8220;.<\/p>\n<p>As\u00ed mismo record\u00f3 que el <strong>IVEX<\/strong> ya cuenta con otras l\u00edneas de ayuda como es la orden de <strong>internacionalizaci\u00f3n<\/strong>, que apoya la participaci\u00f3n en <strong>acciones de promoci\u00f3n<\/strong>, y la orden de implantaci\u00f3n que apoya acciones relacionadas con los procesos de implantaci\u00f3n en el extranjero. A ellas se une la nueva orden fruto de los fondos asignados a los planes de competitividad.<\/p>\n<p>Por \u00faltimo, agreg\u00f3 que el <strong>IVEX<\/strong> pone por primera vez en marcha un programa de asesoramiento para &#8220;aportar el conocimiento para saber c\u00f3mo elaborar la marca y c\u00f3mo situarla en los <strong>mercados internacionales<\/strong>&#8220;.<\/p>\n<p>Seg\u00fan Maritina Hern\u00e1ndez, aunque la iniciativa ha tenido una respuesta &#8220;positiva&#8221; por parte de las empresas en Valencia y en Alicante, considera que &#8220;es muy pronto para realizar una valoraci\u00f3n del \u00e9xito o la participaci\u00f3n con que contar\u00e1 en Castell\u00f3n&#8221;. Panorama Actual<\/p>\n","protected":false},"excerpt":{"rendered":"<p>La directora general de Exportaci\u00f3n del Instituto Valenciano de la Exportaci\u00f3n (IVEX), Maritina Hern\u00e1ndez, present\u00f3 este jueves en Castell\u00f3n la nueva l\u00ednea de ayudas del IVEX a empresas hacia proyectos en materia de internacionalizaci\u00f3n. Hern\u00e1ndez, que imparti\u00f3 en la C\u00e1mara<span class=\"ellipsis\">&hellip;<\/span><\/p>\n<div class=\"read-more\"><a href=\"https:\/\/www.exportapymes.com\/comercio-exterior-america-esp\/el-ivex-presenta-sus-ayudas-a-la-internacionalizacion\/\">Leer m&aacute;s &#8250;<\/a><\/div>\n<p><!-- end of .read-more --><\/p>\n","protected":false},"author":1,"featured_media":0,"comment_status":"open","ping_status":"open","sticky":false,"template":"","format":"standard","meta":{"footnotes":""},"categories":[22],"tags":[],"class_list":["post-75","post","type-post","status-publish","format-standard","hentry","category-espana"],"_links":{"self":[{"href":"https:\/\/www.exportapymes.com\/comercio-exterior-america-esp\/wp-json\/wp\/v2\/posts\/75","targetHints":{"allow":["GET"]}}],"collection":[{"href":"https:\/\/www.exportapymes.com\/comercio-exterior-america-esp\/wp-json\/wp\/v2\/posts"}],"about":[{"href":"https:\/\/www.exportapymes.com\/comercio-exterior-america-esp\/wp-json\/wp\/v2\/types\/post"}],"author":[{"embeddable":true,"href":"https:\/\/www.exportapymes.com\/comercio-exterior-america-esp\/wp-json\/wp\/v2\/users\/1"}],"replies":[{"embeddable":true,"href":"https:\/\/www.exportapymes.com\/comercio-exterior-america-esp\/wp-json\/wp\/v2\/comments?post=75"}],"version-history":[{"count":0,"href":"https:\/\/www.exportapymes.com\/comercio-exterior-america-esp\/wp-json\/wp\/v2\/posts\/75\/revisions"}],"wp:attachment":[{"href":"https:\/\/www.exportapymes.com\/comercio-exterior-america-esp\/wp-json\/wp\/v2\/media?parent=75"}],"wp:term":[{"taxonomy":"category","embeddable":true,"href":"https:\/\/www.exportapymes.com\/comercio-exterior-america-esp\/wp-json\/wp\/v2\/categories?post=75"},{"taxonomy":"post_tag","embeddable":true,"href":"https:\/\/www.exportapymes.com\/comercio-exterior-america-esp\/wp-json\/wp\/v2\/tags?post=75"}],"curies":[{"name":"wp","href":"https:\/\/api.w.org\/{rel}","templated":true}]}}