{"id":766,"date":"2006-09-12T10:02:33","date_gmt":"2006-09-12T17:02:33","guid":{"rendered":"http:\/\/www.exportapymes.com\/comercio-exterior-america-esp\/el-salvador-ya-puede-exportar-medicamentos-a-mexico-sin-aranceles\/"},"modified":"2006-09-12T10:28:26","modified_gmt":"2006-09-12T17:28:26","slug":"el-salvador-ya-puede-exportar-medicamentos-a-mexico-sin-aranceles","status":"publish","type":"post","link":"https:\/\/www.exportapymes.com\/comercio-exterior-america-esp\/el-salvador-ya-puede-exportar-medicamentos-a-mexico-sin-aranceles\/","title":{"rendered":"El Salvador ya puede exportar medicamentos a M\u00e9xico sin aranceles"},"content":{"rendered":"<p>El Salvador ha ganado el litigio que manten\u00eda con M\u00e9xico desde hace dos a\u00f1os por incumplir lo pactado en el <strong>Tratado de Libre Comercio (TLC)<\/strong> firmado entre ambos pa\u00edses en 2000, que establece beneficios mutuos como la <strong>exportaci\u00f3n de ciertos productos<\/strong> libres de aranceles. Hasta este momento, los mexicanos <strong>pod\u00edan exportar<\/strong> sus medicinas a El Salvador sin pagar tasas, pero no as\u00ed los salvadore\u00f1os.<br \/>\n<img decoding=\"async\" src=\"http:\/\/www.exportapymes.com\/comercio-exterior-america-esp\/images\/ban\/el_salvador.jpg\" \/>   El estado salvadore\u00f1o espera que M\u00e9xico elimine las restricciones en un plazo de tres meses.<br \/>\n<!--more-->La ministra de Econom\u00eda salvadore\u00f1a, Yolanda Mayora, ha recordado que, si M\u00e9xico incumpliese esta resoluci\u00f3n, se aplicar\u00eda el m\u00e1ximo arancel a las mercanc\u00edas que este pa\u00eds exportase a El Salvador.<\/p>\n<p>Seg\u00fan Mario Ancalmo, presidente de la Asociaci\u00f3n de Industriales Qu\u00edmicos Farmac\u00e9utico (Inquifar), los empresarios farmac\u00e9utico esperan que las ventas de medicamentos salvadore\u00f1os aumenten al menos un 25% cada a\u00f1o, lo que convertir\u00eda al pa\u00eds centroamericano en un valioso proveedor de uno de los mercados m\u00e1s importantes de Latinoam\u00e9rica. Hasta este momento, <strong>las exportaciones<\/strong> al pa\u00eds azteca han crecido a un ritmo del 12% anual.<\/p>\n<p>Ancalmo ha afirmado que, con esta apertura, las 15 farmac\u00e9uticas salvadore\u00f1as que ya cuentan con infraestructura en M\u00e9xico podr\u00edan volcar all\u00ed una cuarta parte de su producci\u00f3n.<\/p>\n","protected":false},"excerpt":{"rendered":"<p>El Salvador ha ganado el litigio que manten\u00eda con M\u00e9xico desde hace dos a\u00f1os por incumplir lo pactado en el Tratado de Libre Comercio (TLC) firmado entre ambos pa\u00edses en 2000, que establece beneficios mutuos como la exportaci\u00f3n de ciertos<span class=\"ellipsis\">&hellip;<\/span><\/p>\n<div class=\"read-more\"><a href=\"https:\/\/www.exportapymes.com\/comercio-exterior-america-esp\/el-salvador-ya-puede-exportar-medicamentos-a-mexico-sin-aranceles\/\">Leer m&aacute;s &#8250;<\/a><\/div>\n<p><!-- end of .read-more --><\/p>\n","protected":false},"author":1,"featured_media":0,"comment_status":"open","ping_status":"open","sticky":false,"template":"","format":"standard","meta":{"footnotes":""},"categories":[9,24],"tags":[],"class_list":["post-766","post","type-post","status-publish","format-standard","hentry","category-el-salvador","category-exportacion"],"_links":{"self":[{"href":"https:\/\/www.exportapymes.com\/comercio-exterior-america-esp\/wp-json\/wp\/v2\/posts\/766","targetHints":{"allow":["GET"]}}],"collection":[{"href":"https:\/\/www.exportapymes.com\/comercio-exterior-america-esp\/wp-json\/wp\/v2\/posts"}],"about":[{"href":"https:\/\/www.exportapymes.com\/comercio-exterior-america-esp\/wp-json\/wp\/v2\/types\/post"}],"author":[{"embeddable":true,"href":"https:\/\/www.exportapymes.com\/comercio-exterior-america-esp\/wp-json\/wp\/v2\/users\/1"}],"replies":[{"embeddable":true,"href":"https:\/\/www.exportapymes.com\/comercio-exterior-america-esp\/wp-json\/wp\/v2\/comments?post=766"}],"version-history":[{"count":0,"href":"https:\/\/www.exportapymes.com\/comercio-exterior-america-esp\/wp-json\/wp\/v2\/posts\/766\/revisions"}],"wp:attachment":[{"href":"https:\/\/www.exportapymes.com\/comercio-exterior-america-esp\/wp-json\/wp\/v2\/media?parent=766"}],"wp:term":[{"taxonomy":"category","embeddable":true,"href":"https:\/\/www.exportapymes.com\/comercio-exterior-america-esp\/wp-json\/wp\/v2\/categories?post=766"},{"taxonomy":"post_tag","embeddable":true,"href":"https:\/\/www.exportapymes.com\/comercio-exterior-america-esp\/wp-json\/wp\/v2\/tags?post=766"}],"curies":[{"name":"wp","href":"https:\/\/api.w.org\/{rel}","templated":true}]}}