{"id":773,"date":"2006-09-12T12:23:12","date_gmt":"2006-09-12T19:23:12","guid":{"rendered":"http:\/\/www.exportapymes.com\/comercio-exterior-america-esp\/comite-chile-potencia-agroalimentaria\/"},"modified":"2006-09-12T14:25:09","modified_gmt":"2006-09-12T21:25:09","slug":"comite-chile-potencia-agroalimentaria","status":"publish","type":"post","link":"https:\/\/www.exportapymes.com\/comercio-exterior-america-esp\/comite-chile-potencia-agroalimentaria\/","title":{"rendered":"Comit\u00e9 &#8220;Chile potencia agroalimentaria&#8221;"},"content":{"rendered":"<p>Ser\u00e1 la encargada de la articulaci\u00f3n estrat\u00e9gica entre los productores y <strong>exportadores de alimentos<\/strong> y el sector p\u00fablico.<br \/>\nLa <strong>Presidenta Michelle Bachelet<\/strong> particip\u00f3 el jueves \u00faltimo en el <strong>seminario<\/strong> \u201c<strong>Chile Potencia Alimentaria<\/strong>: con el impulso innovador de las personas\u201d, organizado por <strong>ChileAlimentos<\/strong>, entidad gremial que re\u00fane a los <strong>exportadores de alimentos<\/strong>, ocasi\u00f3n en que reafirm\u00f3 la pol\u00edtica del gobierno para este sector.<br \/>\n<img decoding=\"async\" src=\"http:\/\/www.exportapymes.com\/comercio-exterior-america-esp\/images\/ban\/chile.jpg\" \/>   En la inauguraci\u00f3n del encuentro estuvieron presentes el ministro de Agricultura, Alvaro Rojas; el presidente de<!--more--> ChileAlimentos, Alberto Montanari; la directora de ProChile, Alicia Forman, y el representante de Rabobank en Chile, Thos Giesles, entre otras autoridades y representantes del sector.<\/p>\n<p>En la oportunidad, la Jefa de Estado destac\u00f3 que este a\u00f1o <strong>Chile exportar\u00e1 alimentos procesados<\/strong> por un valor de US$ 9 millones, lo que ubicar\u00e1 a este sector en el segundo lugar a nivel nacional, despu\u00e9s de la miner\u00eda. \u201cEl sector alimentario genera hoy cerca del 25% del PIB y emplea alrededor del 20% de la fuerza de trabajo en Chile\u201d, detall\u00f3.<\/p>\n<p>Indic\u00f3 que para aprovechar las oportunidades que existen en este \u00e1mbito ha planteado la necesidad de transformar a Chile en una \u201c<strong>Potencia alimentaria<\/strong>\u201d, para lo cual instruy\u00f3 al ministro de Agricultura, Alvaro Rojas, constituir el <strong>Comit\u00e9 Chile Potencia Alimentaria<\/strong>.<\/p>\n<p>Bachelet precis\u00f3 que dicha entidad deber\u00e1 realizar articulaci\u00f3n estrat\u00e9gica entre los productores <strong>y exportadores de alimentos y el sector p\u00fablico<\/strong>, que se sustentar\u00e1 en los ejes de pol\u00edticas p\u00fablicas de calidad, concertaci\u00f3n p\u00fablico-privada y un cambio en el enfoque productivo.<\/p>\n<p>Durante el seminario, la Presidenta de la Rep\u00fablica asegur\u00f3 que la contribuci\u00f3n del gobierno a desarrollar ventajas competitivas dentro del sector se traduce en la creaci\u00f3n de pol\u00edticas p\u00fablicas de calidad con estrategias eficientes, formaci\u00f3n de capital humano y una inserci\u00f3n competitiva en los mercados.<\/p>\n<p>Por esta raz\u00f3n, inform\u00f3 que ha instruido \u201cal Consejo de Innovaci\u00f3n a disponer, a la brevedad posible, de las mejores capacidades existentes en el mundo, que permitan delinear aquellos clusters que nos sit\u00faen con ventaja frente a nuestros competidores\u201d, y que los organismos p\u00fablicos \u2013Corfo, Concicyt, entre otras- ser\u00e1n integrados en un Sistema Nacional de Innovaci\u00f3n.<\/p>\n<p>Bachelet tambi\u00e9n destac\u00f3 como l\u00edneas de acci\u00f3n la formaci\u00f3n del capital humano, la inserci\u00f3n competitiva del sector agroalimentario en otros mercados y el fortalecimiento de la institucionalidad, comprometiendo nuevamente un Ministerio de Agricultura y Alimentaci\u00f3n.<\/p>\n<p>&#8220;Esperamos durante los pr\u00f3ximos meses, enviar un proyecto de ley para crear la Agencia de Inocuidad Alimentaria, que sit\u00fae a Chile al nivel de los <strong>principales pa\u00edses exportadores de alimentos<\/strong>\u201d, anunci\u00f3.<\/p>\n<p><em>Rojas, honrado con desaf\u00edo<\/em><br \/>\nEl ministro de Agricultura, en tanto, dijo aceptar muy \u201chonrado\u201d el desaf\u00edo presidencial, al tiempo que enfatiz\u00f3 que para conseguir el objetivo se\u00f1alado, resulta absolutamente insuficiente que sea el mercado quien regule y genere el crecimiento requerido.<\/p>\n<p>Durante su discurso inaugural, Rojas plante\u00f3 varias interrogantes y sintetiz\u00f3 los pasos que Chile debe dar para dar este gran salto. Explic\u00f3 adem\u00e1s en qu\u00e9 consiste una pol\u00edtica Agroalimentaria y qu\u00e9 estamos haciendo en concreto como pa\u00eds para alcanzar esta condici\u00f3n.<\/p>\n<p>Por \u00faltimo hizo un llamado a la integraci\u00f3n y el trabajo mancomunado de todos los sectores, ya que dijo estar convencido de que \u201clos logros m\u00e1s preciados de este proceso que ya parti\u00f3, no son ni los 8.000 millones de d\u00f3lares en alimentos que exportamos el a\u00f1o 2005, ni tampoco los TLC\u00b4s, ni siquiera las inversiones en costosas tecnolog\u00edas de punta, sino m\u00e1s bien las personas que han estado detr\u00e1s de ellos\u201d.<\/p>\n<p>Concluy\u00f3 que \u201cnada de lo anterior tiene sentido si no es gracias a un valor intangible dado por trabajadores, los empresarios, los campesinos que han tenido la capacidad de entender y asumir los desaf\u00edos de una nueva cultura productiva y empresarial\u201d.<\/p>\n<p><em>Exportadores celebran anuncios<\/em><br \/>\nAlberto Montanari, presidente de Chilealimentos, por su parte, destac\u00f3 discurso que hoy la industria de alimentos es la segunda <strong>fuerza exportadora del pa\u00eds<\/strong> y que por sus caracter\u00edsticas representa \u201cun buen negocio para el pa\u00eds\u201d.<\/p>\n<p>\u201cChile presenta condiciones \u00fanicas que permiten elaborar productos que son crecientemente demandados en el mundo, lo que nos ubica en una posici\u00f3n privilegiada que debemos aprovechar en beneficio del pa\u00eds\u201d, dijo en alusi\u00f3n a sus caracter\u00edsticas geogr\u00e1ficas, la integraci\u00f3n con <strong>mercados internacionales<\/strong> y las tendencias mundiales hacia una alimentaci\u00f3n sana.<\/p>\n<p>Montanari manifest\u00f3 la necesidad y conveniencia de una mayor coordinaci\u00f3n y colaboraci\u00f3n entre los sectores p\u00fablico y privado para alcanzar las metas propuestas, por lo que celebr\u00f3 el anuncio de Bachelet.<\/p>\n<p>\u201cEl \u00e9xito depender\u00e1 de la capacidad de articulaci\u00f3n de los distintos actores, pues todos somos parte de un sistema altamente complejo que es el que en definitiva compite a nivel mundial\u201d, destac\u00f3 el ejecutivo.<\/p>\n<p>\u201cSe trata de impulsar un crecimiento de todas las partes involucradas, bajo el concepto de cluster alimentario, de manera de sumar en beneficio del sector. Es un llamado no s\u00f3lo a las grandes empresas, sino tambi\u00e9n a las <strong>medianas y a las pymes<\/strong>, las que a trav\u00e9s de distintas instancias y oportunidades contribuyen a enriquecer este negocio\u201d, explic\u00f3. Minagri<\/p>\n","protected":false},"excerpt":{"rendered":"<p>Ser\u00e1 la encargada de la articulaci\u00f3n estrat\u00e9gica entre los productores y exportadores de alimentos y el sector p\u00fablico. La Presidenta Michelle Bachelet particip\u00f3 el jueves \u00faltimo en el seminario \u201cChile Potencia Alimentaria: con el impulso innovador de las personas\u201d, organizado<span class=\"ellipsis\">&hellip;<\/span><\/p>\n<div class=\"read-more\"><a href=\"https:\/\/www.exportapymes.com\/comercio-exterior-america-esp\/comite-chile-potencia-agroalimentaria\/\">Leer m&aacute;s &#8250;<\/a><\/div>\n<p><!-- end of .read-more --><\/p>\n","protected":false},"author":1,"featured_media":0,"comment_status":"open","ping_status":"open","sticky":false,"template":"","format":"standard","meta":{"footnotes":""},"categories":[4],"tags":[],"class_list":["post-773","post","type-post","status-publish","format-standard","hentry","category-chile"],"_links":{"self":[{"href":"https:\/\/www.exportapymes.com\/comercio-exterior-america-esp\/wp-json\/wp\/v2\/posts\/773","targetHints":{"allow":["GET"]}}],"collection":[{"href":"https:\/\/www.exportapymes.com\/comercio-exterior-america-esp\/wp-json\/wp\/v2\/posts"}],"about":[{"href":"https:\/\/www.exportapymes.com\/comercio-exterior-america-esp\/wp-json\/wp\/v2\/types\/post"}],"author":[{"embeddable":true,"href":"https:\/\/www.exportapymes.com\/comercio-exterior-america-esp\/wp-json\/wp\/v2\/users\/1"}],"replies":[{"embeddable":true,"href":"https:\/\/www.exportapymes.com\/comercio-exterior-america-esp\/wp-json\/wp\/v2\/comments?post=773"}],"version-history":[{"count":0,"href":"https:\/\/www.exportapymes.com\/comercio-exterior-america-esp\/wp-json\/wp\/v2\/posts\/773\/revisions"}],"wp:attachment":[{"href":"https:\/\/www.exportapymes.com\/comercio-exterior-america-esp\/wp-json\/wp\/v2\/media?parent=773"}],"wp:term":[{"taxonomy":"category","embeddable":true,"href":"https:\/\/www.exportapymes.com\/comercio-exterior-america-esp\/wp-json\/wp\/v2\/categories?post=773"},{"taxonomy":"post_tag","embeddable":true,"href":"https:\/\/www.exportapymes.com\/comercio-exterior-america-esp\/wp-json\/wp\/v2\/tags?post=773"}],"curies":[{"name":"wp","href":"https:\/\/api.w.org\/{rel}","templated":true}]}}