{"id":781,"date":"2006-09-12T13:52:58","date_gmt":"2006-09-12T20:52:58","guid":{"rendered":"http:\/\/www.exportapymes.com\/comercio-exterior-america-esp\/avanza-proceso-de-union-aduanera-centroamericana\/"},"modified":"2006-09-12T13:52:58","modified_gmt":"2006-09-12T20:52:58","slug":"avanza-proceso-de-union-aduanera-centroamericana","status":"publish","type":"post","link":"https:\/\/www.exportapymes.com\/comercio-exterior-america-esp\/avanza-proceso-de-union-aduanera-centroamericana\/","title":{"rendered":"Avanza proceso de uni\u00f3n aduanera centroamericana"},"content":{"rendered":"<p>El <strong>proceso de uni\u00f3n aduanera centroamericana<\/strong> recibi\u00f3 un nuevo empuj\u00f3n durante la cita de varios grupos t\u00e9cnicos de la zona con avances en temas de registros, pr\u00e1cticas desleales y propiedad intelectual.<br \/>\n<img decoding=\"async\" src=\"http:\/\/www.exportapymes.com\/comercio-exterior-america-esp\/images\/ban\/centroamerica.jpg\" \/>   Las reuniones formaron parte de la d\u00e9cima tercera ronda de negociaciones y se efectuaron en esta capital del 4 al 8 de septiembre, inform\u00f3 la oficina de prensa del<strong> Ministerio de Comercio Exterior de Costa Rica<\/strong>.<br \/>\n<!--more-->Tambi\u00e9n hubo encuentros de los grupos dedicados al tema de salvaguardias, as\u00ed como del comit\u00e9 de pol\u00edtica arancelaria y los directores de integraci\u00f3n econ\u00f3mica.<\/p>\n<p>En el \u00e1rea de registros se pudieron armonizar los reglamentos t\u00e9cnicos sobre alimentos procesados, buenas pr\u00e1cticas de manufactura y el procedimiento para otorgar la licencia sanitaria a f\u00e1bricas y bodegas.<\/p>\n<p>Los documentos ser\u00e1n &#8220;elevados a resoluci\u00f3n del Consejo de ministros de Integraci\u00f3n Econ\u00f3mica (Comieco) para su posterior implementaci\u00f3n a nivel regional&#8221;, destac\u00f3 el comunicado.<\/p>\n<p>Otros acuerdos se relacionaron a medicamentos y productos afines, sobre todo en relaci\u00f3n al etiquetado de productos naturales de uso humano y los que tienen propiedades medicinales.<\/p>\n<p>En la mesa de medidas sanitarias y fitosanitarias, se obtuvo un avance en la revisi\u00f3n y homologaci\u00f3n de los requisitos para la <strong>importaci\u00f3n y exportaci\u00f3n de productos<\/strong> originarios que actualmente intercambian los pa\u00edses centroamericanos.<\/p>\n<p>&#8220;El listado constituye un aporte importante para la facilitaci\u00f3n del comercio intrarregional debido a la transparencia que genera a los operadores comerciales, que conocer\u00e1n plenamente los requisitos aplicables al comercio de sus productos en el \u00e1rea&#8221;, resalt\u00f3 el bolet\u00edn.<\/p>\n<p>Los representantes acordaron presentar a Comieco 46 productos de origen vegetal para que se decida su incorporaci\u00f3n a la lista de los que est\u00e1n exentos de certificado fitosanitario de importaci\u00f3n y exportaci\u00f3n con el fin de propiciar un incremento de su comercio en la regi\u00f3n.<\/p>\n<p>Otros reglamentos t\u00e9cnicos listos tienen que ver con la verificaci\u00f3n de la calidad de los productos naturales, de los medicamentos y de los cosm\u00e9ticos, as\u00ed como el registro de plaguicidas de uso dom\u00e9stico.<\/p>\n<p>Los textos deber\u00e1n pasar un proceso de consulta en cada comit\u00e9 nacional.<\/p>\n<p>El grupo sobre propiedad intelectual realiz\u00f3 un an\u00e1lisis de la normativa vigente en el istmo en aspectos como el tr\u00e1mite de las solicitudes de marcas y otros signos distintivos; la revisi\u00f3n de formularios y la duplicidad de marcas.<\/p>\n<p>Por \u00faltimo, el informe indic\u00f3 que el grupo de pol\u00edtica arancelaria trat\u00f3 varias peticiones espec\u00edficas de pa\u00edses para modificar aranceles pero sin detallar cu\u00e1les.<\/p>\n<p>La uni\u00f3n aduanera representar\u00e1 libre movilidad de bienes y servicios en un proceso que dio sus primeros pasos en el 2004 entre Guatemala y El Salvador y que se espera concluya en los pr\u00f3ximos meses. AP<\/p>\n","protected":false},"excerpt":{"rendered":"<p>El proceso de uni\u00f3n aduanera centroamericana recibi\u00f3 un nuevo empuj\u00f3n durante la cita de varios grupos t\u00e9cnicos de la zona con avances en temas de registros, pr\u00e1cticas desleales y propiedad intelectual. Las reuniones formaron parte de la d\u00e9cima tercera ronda<span class=\"ellipsis\">&hellip;<\/span><\/p>\n<div class=\"read-more\"><a href=\"https:\/\/www.exportapymes.com\/comercio-exterior-america-esp\/avanza-proceso-de-union-aduanera-centroamericana\/\">Leer m&aacute;s &#8250;<\/a><\/div>\n<p><!-- end of .read-more --><\/p>\n","protected":false},"author":1,"featured_media":0,"comment_status":"open","ping_status":"open","sticky":false,"template":"","format":"standard","meta":{"footnotes":""},"categories":[1],"tags":[],"class_list":["post-781","post","type-post","status-publish","format-standard","hentry","category-uncategorized"],"_links":{"self":[{"href":"https:\/\/www.exportapymes.com\/comercio-exterior-america-esp\/wp-json\/wp\/v2\/posts\/781","targetHints":{"allow":["GET"]}}],"collection":[{"href":"https:\/\/www.exportapymes.com\/comercio-exterior-america-esp\/wp-json\/wp\/v2\/posts"}],"about":[{"href":"https:\/\/www.exportapymes.com\/comercio-exterior-america-esp\/wp-json\/wp\/v2\/types\/post"}],"author":[{"embeddable":true,"href":"https:\/\/www.exportapymes.com\/comercio-exterior-america-esp\/wp-json\/wp\/v2\/users\/1"}],"replies":[{"embeddable":true,"href":"https:\/\/www.exportapymes.com\/comercio-exterior-america-esp\/wp-json\/wp\/v2\/comments?post=781"}],"version-history":[{"count":0,"href":"https:\/\/www.exportapymes.com\/comercio-exterior-america-esp\/wp-json\/wp\/v2\/posts\/781\/revisions"}],"wp:attachment":[{"href":"https:\/\/www.exportapymes.com\/comercio-exterior-america-esp\/wp-json\/wp\/v2\/media?parent=781"}],"wp:term":[{"taxonomy":"category","embeddable":true,"href":"https:\/\/www.exportapymes.com\/comercio-exterior-america-esp\/wp-json\/wp\/v2\/categories?post=781"},{"taxonomy":"post_tag","embeddable":true,"href":"https:\/\/www.exportapymes.com\/comercio-exterior-america-esp\/wp-json\/wp\/v2\/tags?post=781"}],"curies":[{"name":"wp","href":"https:\/\/api.w.org\/{rel}","templated":true}]}}