{"id":784,"date":"2006-09-14T06:31:31","date_gmt":"2006-09-14T13:31:31","guid":{"rendered":"http:\/\/www.exportapymes.com\/comercio-exterior-america-esp\/curso-de-cata-de-vino-y-habilidades-directivas-en-zaragoza\/"},"modified":"2006-09-14T07:14:21","modified_gmt":"2006-09-14T14:14:21","slug":"curso-de-cata-de-vino-y-habilidades-directivas-en-zaragoza","status":"publish","type":"post","link":"https:\/\/www.exportapymes.com\/comercio-exterior-america-esp\/curso-de-cata-de-vino-y-habilidades-directivas-en-zaragoza\/","title":{"rendered":"Curso de Cata de Vino y Habilidades Directivas en Zaragoza"},"content":{"rendered":"<p>Nos comenta el director de <a href=\"http:\/\/www.e-global.es\/\" target=\"_blank\">Comercio Electr\u00f3nico Global<\/a>, Eduardo Paz, una noticia curiosa e intetesant\u00edsima. El \u00c1rea de <strong>Formaci\u00f3n e Innovaci\u00f3n de la C\u00e1mara de Comercio de Zaragoza<\/strong> ha organizado un <strong>Curso de Cata de Vino y Habilidades Directivas<\/strong>. En el mismo, se examinan los conceptos claves de las Habilidades Directivas como toma de decisiones, <strong>gesti\u00f3n del tiempo<\/strong>, <strong>trabajo en equipo<\/strong>, asertividad, <strong>motivaci\u00f3n y liderazgo<\/strong> utilizando la cata de vino como \u201c<strong>Herramienta de Aprendizaje<\/strong>\u201d. El curso tendr\u00e1 lugar en el <strong>Centro de Formaci\u00f3n de la C\u00e1mara de Comercio de Zaragoza<\/strong> en c\/Teniente Ortiz de Z\u00e1rate, 26, y se realizar\u00e1 durante cuatro d\u00edas del mes de octubre.<br \/>\n<img decoding=\"async\" src=\"http:\/\/www.exportapymes.com\/comercio-exterior-america-esp\/images\/ban\/spain.jpg\" \/><br \/>\n<!--more--><\/p>\n<p><em>Dirigido a<\/em>: Directivos, gerentes o mandos intermedios de empresa<\/p>\n<p>Se trata a trav\u00e9s de la aproximaci\u00f3n al mundo del vino y en concreto a sus tipos de examinar algunos de los conceptos clave de las habilidades directivas como la toma de decisiones, gesti\u00f3n del tiempo, trabajo en equipo, asertividad, motivaci\u00f3n y liderazgo.<\/p>\n<p><em>M\u00e1s informaci\u00f3n:<br \/>\n<\/em>Desir\u00e9e P\u00e9rez-Lizano Lozano<br \/>\nFormaci\u00f3n e Innovaci\u00f3n<br \/>\n<a href=\"http:\/\/www.camarazaragoza.com\/formacion\/cursos.asp\">http:\/\/www.camarazaragoza.com\/formacion\/cursos.asp<\/a><\/p>\n","protected":false},"excerpt":{"rendered":"<p>Nos comenta el director de Comercio Electr\u00f3nico Global, Eduardo Paz, una noticia curiosa e intetesant\u00edsima. El \u00c1rea de Formaci\u00f3n e Innovaci\u00f3n de la C\u00e1mara de Comercio de Zaragoza ha organizado un Curso de Cata de Vino y Habilidades Directivas. En<span class=\"ellipsis\">&hellip;<\/span><\/p>\n<div class=\"read-more\"><a href=\"https:\/\/www.exportapymes.com\/comercio-exterior-america-esp\/curso-de-cata-de-vino-y-habilidades-directivas-en-zaragoza\/\">Leer m&aacute;s &#8250;<\/a><\/div>\n<p><!-- end of .read-more --><\/p>\n","protected":false},"author":1,"featured_media":0,"comment_status":"open","ping_status":"open","sticky":false,"template":"","format":"standard","meta":{"footnotes":""},"categories":[28,22],"tags":[],"class_list":["post-784","post","type-post","status-publish","format-standard","hentry","category-capacitacion","category-espana"],"_links":{"self":[{"href":"https:\/\/www.exportapymes.com\/comercio-exterior-america-esp\/wp-json\/wp\/v2\/posts\/784","targetHints":{"allow":["GET"]}}],"collection":[{"href":"https:\/\/www.exportapymes.com\/comercio-exterior-america-esp\/wp-json\/wp\/v2\/posts"}],"about":[{"href":"https:\/\/www.exportapymes.com\/comercio-exterior-america-esp\/wp-json\/wp\/v2\/types\/post"}],"author":[{"embeddable":true,"href":"https:\/\/www.exportapymes.com\/comercio-exterior-america-esp\/wp-json\/wp\/v2\/users\/1"}],"replies":[{"embeddable":true,"href":"https:\/\/www.exportapymes.com\/comercio-exterior-america-esp\/wp-json\/wp\/v2\/comments?post=784"}],"version-history":[{"count":0,"href":"https:\/\/www.exportapymes.com\/comercio-exterior-america-esp\/wp-json\/wp\/v2\/posts\/784\/revisions"}],"wp:attachment":[{"href":"https:\/\/www.exportapymes.com\/comercio-exterior-america-esp\/wp-json\/wp\/v2\/media?parent=784"}],"wp:term":[{"taxonomy":"category","embeddable":true,"href":"https:\/\/www.exportapymes.com\/comercio-exterior-america-esp\/wp-json\/wp\/v2\/categories?post=784"},{"taxonomy":"post_tag","embeddable":true,"href":"https:\/\/www.exportapymes.com\/comercio-exterior-america-esp\/wp-json\/wp\/v2\/tags?post=784"}],"curies":[{"name":"wp","href":"https:\/\/api.w.org\/{rel}","templated":true}]}}