{"id":790,"date":"2006-09-18T19:32:18","date_gmt":"2006-09-19T02:32:18","guid":{"rendered":"http:\/\/www.exportapymes.com\/comercio-exterior-america-esp\/chile-retoma-dialogo-con-el-mercosur-para-liberalizar-comercio-de-servicios\/"},"modified":"2006-09-18T19:32:18","modified_gmt":"2006-09-19T02:32:18","slug":"chile-retoma-dialogo-con-el-mercosur-para-liberalizar-comercio-de-servicios","status":"publish","type":"post","link":"https:\/\/www.exportapymes.com\/comercio-exterior-america-esp\/chile-retoma-dialogo-con-el-mercosur-para-liberalizar-comercio-de-servicios\/","title":{"rendered":"Chile retoma di\u00e1logo con el Mercosur para liberalizar comercio de servicios"},"content":{"rendered":"<p>Expertos de Chile y del Mercosur se reunieron los d\u00edas 12 y 13 de septiembre para reanudar las conversaciones con miras a la liberalizaci\u00f3n del <strong>comercio de servicios<\/strong>.<br \/>\n<img decoding=\"async\" src=\"http:\/\/www.exportapymes.com\/comercio-exterior-america-esp\/images\/ban\/chile.jpg\" \/>   &#8220;Las relaciones entre Chile y Mercosur no s\u00f3lo se remiten al comercio de bienes y en este contexto es que estamos abiertos a profundizar el ACE con Mercosur en el \u00e1mbito del comercio de servicios, tal como se hab\u00eda previsto en el T\u00edtulo XIII de dicho Acuerdo&#8221;, dijo hoy el Director General de Relaciones Econ\u00f3micas Internacionales (Direcon), Carlos Furche.<br \/>\n<!--more-->En este sentido explic\u00f3 que se est\u00e1 llevando a cabo un di\u00e1logo muy fruct\u00edfero orientado a liberalizar este sector. &#8220;En sucesivas reuniones hemos ido profundizando el nivel de informaci\u00f3n, lo cual nos permitir\u00e1 tener una evaluaci\u00f3n sobre el impacto econ\u00f3mico y luego, poder alcanzar acuerdos concretos en esta materia&#8221;, sostuvo. Una nueva reuni\u00f3n fue programada para fines de noviembre en Brasil, pa\u00eds que ejerce actualmente la Presidencia Pro-t\u00e9mpore del Mercosur.<\/p>\n<p>En la actualidad, pr\u00e1cticamente un 98% del comercio entre Chile y Mercosur goza de arancel cero. Gracias al ACE N\u00ba 35, los productos chilenos ingresan a los mercados de los pa\u00edses integrantes del Bloque en posiciones m\u00e1s ventajosas que los competidores de terceros pa\u00edses.<\/p>\n<p>&#8220;Esta apertura comercial ha permitido que los empresarios chilenos puedan competir con sus pares de los propios pa\u00edses del Mercosur, lo que ser\u00eda muy dif\u00edcil si no existiera el Acuerdo&#8221;, manifest\u00f3 por \u00faltimo Carlos Furche. EMOL<\/p>\n","protected":false},"excerpt":{"rendered":"<p>Expertos de Chile y del Mercosur se reunieron los d\u00edas 12 y 13 de septiembre para reanudar las conversaciones con miras a la liberalizaci\u00f3n del comercio de servicios. &#8220;Las relaciones entre Chile y Mercosur no s\u00f3lo se remiten al comercio<span class=\"ellipsis\">&hellip;<\/span><\/p>\n<div class=\"read-more\"><a href=\"https:\/\/www.exportapymes.com\/comercio-exterior-america-esp\/chile-retoma-dialogo-con-el-mercosur-para-liberalizar-comercio-de-servicios\/\">Leer m&aacute;s &#8250;<\/a><\/div>\n<p><!-- end of .read-more --><\/p>\n","protected":false},"author":1,"featured_media":0,"comment_status":"open","ping_status":"open","sticky":false,"template":"","format":"standard","meta":{"footnotes":""},"categories":[4,1],"tags":[],"class_list":["post-790","post","type-post","status-publish","format-standard","hentry","category-chile","category-uncategorized"],"_links":{"self":[{"href":"https:\/\/www.exportapymes.com\/comercio-exterior-america-esp\/wp-json\/wp\/v2\/posts\/790","targetHints":{"allow":["GET"]}}],"collection":[{"href":"https:\/\/www.exportapymes.com\/comercio-exterior-america-esp\/wp-json\/wp\/v2\/posts"}],"about":[{"href":"https:\/\/www.exportapymes.com\/comercio-exterior-america-esp\/wp-json\/wp\/v2\/types\/post"}],"author":[{"embeddable":true,"href":"https:\/\/www.exportapymes.com\/comercio-exterior-america-esp\/wp-json\/wp\/v2\/users\/1"}],"replies":[{"embeddable":true,"href":"https:\/\/www.exportapymes.com\/comercio-exterior-america-esp\/wp-json\/wp\/v2\/comments?post=790"}],"version-history":[{"count":0,"href":"https:\/\/www.exportapymes.com\/comercio-exterior-america-esp\/wp-json\/wp\/v2\/posts\/790\/revisions"}],"wp:attachment":[{"href":"https:\/\/www.exportapymes.com\/comercio-exterior-america-esp\/wp-json\/wp\/v2\/media?parent=790"}],"wp:term":[{"taxonomy":"category","embeddable":true,"href":"https:\/\/www.exportapymes.com\/comercio-exterior-america-esp\/wp-json\/wp\/v2\/categories?post=790"},{"taxonomy":"post_tag","embeddable":true,"href":"https:\/\/www.exportapymes.com\/comercio-exterior-america-esp\/wp-json\/wp\/v2\/tags?post=790"}],"curies":[{"name":"wp","href":"https:\/\/api.w.org\/{rel}","templated":true}]}}