{"id":796,"date":"2006-09-18T20:49:22","date_gmt":"2006-09-19T03:49:22","guid":{"rendered":"http:\/\/www.exportapymes.com\/comercio-exterior-america-esp\/productores-crucenos-buscan-exportar-al-brasil\/"},"modified":"2006-09-18T20:49:22","modified_gmt":"2006-09-19T03:49:22","slug":"productores-crucenos-buscan-exportar-al-brasil","status":"publish","type":"post","link":"https:\/\/www.exportapymes.com\/comercio-exterior-america-esp\/productores-crucenos-buscan-exportar-al-brasil\/","title":{"rendered":"Productores cruce\u00f1os buscan exportar al Brasil"},"content":{"rendered":"<p>Los productores cruce\u00f1os que asistieron al XXVII Festival Internacional de Pesca en C\u00e1ceres, Brasil han tenido resultados productivos, puesto que se prev\u00e9 una reuni\u00f3n para hoy con los empresarios de esta ciudad para establecer relaciones comerciales, que permitan <strong>exportar los productos<\/strong> al vecino pa\u00eds, esto se pudo conseguir con la colaboraci\u00f3n del <strong>Servicio de Apoyo a los Peque\u00f1os Empresarios (SEBRAE)<\/strong><br \/>\n<img decoding=\"async\" src=\"http:\/\/www.exportapymes.com\/comercio-exterior-america-esp\/images\/ban\/bolivia.jpg\" \/><br \/>\n<!--more-->Los productos pretenden introducir al mercado cacerense son el vino de frutilla, anejo de pomelo, mermelada de frutilla, galletas de miel, horneados de harina de yuca, arroz y ma\u00edz, artesan\u00edas en madera, cer\u00e1mica art\u00edstica en barro, miel de ca\u00f1a de az\u00facar, az\u00facar morena y tejidos de hilo. Las cer\u00e1micas de Cotoca, artesan\u00edas de La Guardia y los vinos y mermeladas de frutilla de Comarapa, son los que presentan mayor aceptaci\u00f3n.<\/p>\n<p>Mirtha Meneses peque\u00f1a productora dijo que &#8220;hemos tenido contacto con las asociaciones de artesanos de C\u00e1ceres, con el objetivo de organizar cursos de intercambio de t\u00e9cnicas de elaboraci\u00f3n de la cer\u00e1mica entre Bol\u00edvia y Brasil&#8221;, esto para potenciar las actividades de los productores. El Mundo &#8211; Prensa Mayor<\/p>\n","protected":false},"excerpt":{"rendered":"<p>Los productores cruce\u00f1os que asistieron al XXVII Festival Internacional de Pesca en C\u00e1ceres, Brasil han tenido resultados productivos, puesto que se prev\u00e9 una reuni\u00f3n para hoy con los empresarios de esta ciudad para establecer relaciones comerciales, que permitan exportar los<span class=\"ellipsis\">&hellip;<\/span><\/p>\n<div class=\"read-more\"><a href=\"https:\/\/www.exportapymes.com\/comercio-exterior-america-esp\/productores-crucenos-buscan-exportar-al-brasil\/\">Leer m&aacute;s &#8250;<\/a><\/div>\n<p><!-- end of .read-more --><\/p>\n","protected":false},"author":1,"featured_media":0,"comment_status":"open","ping_status":"open","sticky":false,"template":"","format":"standard","meta":{"footnotes":""},"categories":[2,24],"tags":[],"class_list":["post-796","post","type-post","status-publish","format-standard","hentry","category-bolivia","category-exportacion"],"_links":{"self":[{"href":"https:\/\/www.exportapymes.com\/comercio-exterior-america-esp\/wp-json\/wp\/v2\/posts\/796","targetHints":{"allow":["GET"]}}],"collection":[{"href":"https:\/\/www.exportapymes.com\/comercio-exterior-america-esp\/wp-json\/wp\/v2\/posts"}],"about":[{"href":"https:\/\/www.exportapymes.com\/comercio-exterior-america-esp\/wp-json\/wp\/v2\/types\/post"}],"author":[{"embeddable":true,"href":"https:\/\/www.exportapymes.com\/comercio-exterior-america-esp\/wp-json\/wp\/v2\/users\/1"}],"replies":[{"embeddable":true,"href":"https:\/\/www.exportapymes.com\/comercio-exterior-america-esp\/wp-json\/wp\/v2\/comments?post=796"}],"version-history":[{"count":0,"href":"https:\/\/www.exportapymes.com\/comercio-exterior-america-esp\/wp-json\/wp\/v2\/posts\/796\/revisions"}],"wp:attachment":[{"href":"https:\/\/www.exportapymes.com\/comercio-exterior-america-esp\/wp-json\/wp\/v2\/media?parent=796"}],"wp:term":[{"taxonomy":"category","embeddable":true,"href":"https:\/\/www.exportapymes.com\/comercio-exterior-america-esp\/wp-json\/wp\/v2\/categories?post=796"},{"taxonomy":"post_tag","embeddable":true,"href":"https:\/\/www.exportapymes.com\/comercio-exterior-america-esp\/wp-json\/wp\/v2\/tags?post=796"}],"curies":[{"name":"wp","href":"https:\/\/api.w.org\/{rel}","templated":true}]}}