{"id":807,"date":"2006-09-22T14:13:52","date_gmt":"2006-09-22T21:13:52","guid":{"rendered":"http:\/\/www.exportapymes.com\/comercio-exterior-america-esp\/comienza-la-feria-expocruz-2006\/"},"modified":"2006-09-22T14:13:52","modified_gmt":"2006-09-22T21:13:52","slug":"comienza-la-feria-expocruz-2006","status":"publish","type":"post","link":"https:\/\/www.exportapymes.com\/comercio-exterior-america-esp\/comienza-la-feria-expocruz-2006\/","title":{"rendered":"Comienza la Feria Expocruz 2006"},"content":{"rendered":"<p>La Expocruz 2006, la vitrina comercial m\u00e1s grande de Bolivia, abre sus puertas hoy en la ciudad de Santa Cruz de la Sierra, en medio de una gran expectativa de empresarios, comerciantes, expositores y visitantes del pa\u00eds y de otras naciones.<br \/>\n<img decoding=\"async\" src=\"http:\/\/www.exportapymes.com\/comercio-exterior-america-esp\/images\/ban\/bolivia.jpg\" \/>   Ser\u00e1n 10 d\u00edas de intensa actividad comercial, pecuaria y de esparcimiento con la participaci\u00f3n de m\u00e1s de 2.200 expositores de 20 pa\u00edses. De esta manera, los organizadores esperan mover 200 millones de d\u00f3lares en negocios y superar el r\u00e9cord de visitantes, alcanzando el medio mill\u00f3n de personas.<br \/>\n<!--more-->Seg\u00fan el \u00faltimo informe del gerente general de la Expocruz, Juan Carlos Velarde, todo est\u00e1 listo para arrancar con el evento. De hecho, a las 21.00 de anoche los m\u00e1s de 3.000 obreros que pusieron a punto el campo ferial comenzaron a retirar sus equipos y herramientas dejando todo en manos de los decoradores para que \u00e9stos den el toque final a los pabellones y stands.<\/p>\n<p>Las puertas se abrir\u00e1n a las 18.00, y dos horas m\u00e1s tarde el alcalde, Percy Fern\u00e1ndez, y el presidente del Comit\u00e9 Pro Santa Cruz, Germ\u00e1n Antelo, dar\u00e1n la bienvenida a todos los invitados, expositores y visitantes del pa\u00eds y a los que llegaron de afuera para la ceremonia de apertura del evento.<\/p>\n<p>De acuerdo a la programaci\u00f3n de los organizadores, la ceremonia de inauguraci\u00f3n ser\u00e1 a las 20.00 en la pista de juzgamiento del sector pecuario, y un par de horas m\u00e1s tarde, en el escenario principal se presentar\u00e1 el grupo portorrique\u00f1o La Secta All Star, acto con el que se abrir\u00e1 oficialmente la Feria Internacional de Santa Cruz.<\/p>\n<p>Seg\u00fan informa el diario cruce\u00f1o El Nuevo D\u00eda, Argentina, Brasil y China son los pa\u00edses con mayor cantidad de empresas expositoras en la muestra ferial.<\/p>\n<p>S\u00f3lo por citar un ejemplo de la magnitud del evento, Hern\u00e1n Lizarralde, coordinador del pabell\u00f3n argentino y miembro de la Fundaci\u00f3n Exportar, declar\u00f3 a ese medio que la Expocruz est\u00e1 entre las 50 actividades comerciales m\u00e1s importantes que se realizan cada a\u00f1o en el mundo.<\/p>\n<p>Las 350 empresas argentinas visitantes cubrir\u00e1n un \u00e1rea de 2.900 metros cuadrados.<\/p>\n<p>En lo que respecta a Brasil, Ana Tolda, gerente de proyectos de Fagga Eventos Internacionales, dependiente de la Canciller\u00eda brasile\u00f1a, sostuvo que la feria cruce\u00f1a es uno de los cinco eventos m\u00e1s importantes en los que participan como naci\u00f3n. Este a\u00f1o, el pa\u00eds lim\u00edtrofe tendr\u00e1 100 empresas en un pabell\u00f3n de 2.000 metros cuadrados.<\/p>\n<p>En esta oportunidad, China regresa a participar tras dos a\u00f1os de ausencia continua, y como en cada gesti\u00f3n Alemania tambi\u00e9n tiene su espacio. Este es el pa\u00eds que m\u00e1s veces particip\u00f3 en el evento. Torsten Fuhrberg, representante comercial del Gobierno alem\u00e1n, fue el primero en instalarse y ya asegur\u00f3 su presencia para la versi\u00f3n del 2007.<\/p>\n<p>Uno de los mayores atractivos ser\u00e1 la exposici\u00f3n pecuaria. Para esta ocasi\u00f3n se programaron 12 remates de ganado bovino, de los cuales ya se realizaron dos en los d\u00edas previos a la apertura, llegando a ventas por valor de m\u00e1s de 200 mil d\u00f3lares entre ambos.<\/p>\n<p>El a\u00f1o pasado se realizaron 10 remates y se lleg\u00f3 a vender un toro en m\u00e1s de 40.000 d\u00f3lares. Este a\u00f1o el animal m\u00e1s pesado lleg\u00f3 a los 1.144 kilogramos.<\/p>\n<p>La Fexpocruz, entidad creada por la C\u00e1mara de Industria, Comercio, Servicios y Turismo de Santa Cruz (Cainco), y la C\u00e1mara Agropecuaria del Oriente (CAO), es la encargada de organizar la muestra. Ambas entidades son propietarias del 50 por ciento de las acciones de Fexpocruz, y en lo administrativo se alternan la presidencia de la feria cada a\u00f1o; en esta oportunidad, la responsabilidad recay\u00f3 en Mauricio Roca, en representaci\u00f3n de la CAO.<\/p>\n<p>La ceremonia de inauguraci\u00f3n oficial ser\u00e1 el domingo 24. La Raz\u00f3n &#8211; Bolivia<\/p>\n<p><em>Apuntes sobre la muestra<br \/>\n<\/em>Negocios \u2022 Se prev\u00e9 que el monto que mover\u00e1 la Expocruz, en intenciones de negocios, llega a los 200 millones de d\u00f3lares.<\/p>\n<p>Espacios \u2022 Hasta agosto se agotaron los espacios en pabellones y stands, cuando confirmaron los 2.200 expositores: 1.300 nacionales y 900 extranjeros.<\/p>\n<p>Extranjeros \u2022 Entre los pa\u00edses visitantes est\u00e1n Argentina, Alemania, Bolivia, Brasil, Espa\u00f1a, Estados Unidos, Holanda. India, Italia, Paraguay, Uruguay, Per\u00fa, Siria, China, Sud\u00e1frica, Venezuela, Kenia, Rusia y M\u00e9xico.<\/p>\n<p>Sectores \u2022 Destacan el automotriz, hidrocarburos, pecuario, telecomunicaciones, construcci\u00f3n, agroindustria e inform\u00e1tica.<\/p>\n<p>Otros \u2022 Turismo, textiles, cueros, cosm\u00e9ticos, muebler\u00eda, pl\u00e1sticos, electrodom\u00e9sticos, joyer\u00eda, alimentos, bebidas, ONG, educaci\u00f3n superior y editoriales, son otros de los rubros que expondr\u00e1n lo mejor de sus ofertas.<\/p>\n<p>Otros \u2022 Entre los sectores que destacan por la presentaci\u00f3n de los stands est\u00e1n el automotriz que ocupar\u00e1 9.000 metros cuadrados. Las empresas importadoras que exhibir\u00e1n los \u00faltimos veh\u00edculos del a\u00f1o son: Imcruz, Toyosa, Nibol, Ovando, Carmax, Carrera Motors, Kreyland, Interlane, Honda Visal y Cormaq.<\/p>\n","protected":false},"excerpt":{"rendered":"<p>La Expocruz 2006, la vitrina comercial m\u00e1s grande de Bolivia, abre sus puertas hoy en la ciudad de Santa Cruz de la Sierra, en medio de una gran expectativa de empresarios, comerciantes, expositores y visitantes del pa\u00eds y de otras<span class=\"ellipsis\">&hellip;<\/span><\/p>\n<div class=\"read-more\"><a href=\"https:\/\/www.exportapymes.com\/comercio-exterior-america-esp\/comienza-la-feria-expocruz-2006\/\">Leer m&aacute;s &#8250;<\/a><\/div>\n<p><!-- end of .read-more --><\/p>\n","protected":false},"author":1,"featured_media":0,"comment_status":"open","ping_status":"open","sticky":false,"template":"","format":"standard","meta":{"footnotes":""},"categories":[2,25],"tags":[],"class_list":["post-807","post","type-post","status-publish","format-standard","hentry","category-bolivia","category-internacionalizacion"],"_links":{"self":[{"href":"https:\/\/www.exportapymes.com\/comercio-exterior-america-esp\/wp-json\/wp\/v2\/posts\/807","targetHints":{"allow":["GET"]}}],"collection":[{"href":"https:\/\/www.exportapymes.com\/comercio-exterior-america-esp\/wp-json\/wp\/v2\/posts"}],"about":[{"href":"https:\/\/www.exportapymes.com\/comercio-exterior-america-esp\/wp-json\/wp\/v2\/types\/post"}],"author":[{"embeddable":true,"href":"https:\/\/www.exportapymes.com\/comercio-exterior-america-esp\/wp-json\/wp\/v2\/users\/1"}],"replies":[{"embeddable":true,"href":"https:\/\/www.exportapymes.com\/comercio-exterior-america-esp\/wp-json\/wp\/v2\/comments?post=807"}],"version-history":[{"count":0,"href":"https:\/\/www.exportapymes.com\/comercio-exterior-america-esp\/wp-json\/wp\/v2\/posts\/807\/revisions"}],"wp:attachment":[{"href":"https:\/\/www.exportapymes.com\/comercio-exterior-america-esp\/wp-json\/wp\/v2\/media?parent=807"}],"wp:term":[{"taxonomy":"category","embeddable":true,"href":"https:\/\/www.exportapymes.com\/comercio-exterior-america-esp\/wp-json\/wp\/v2\/categories?post=807"},{"taxonomy":"post_tag","embeddable":true,"href":"https:\/\/www.exportapymes.com\/comercio-exterior-america-esp\/wp-json\/wp\/v2\/tags?post=807"}],"curies":[{"name":"wp","href":"https:\/\/api.w.org\/{rel}","templated":true}]}}