{"id":813,"date":"2006-09-20T21:37:40","date_gmt":"2006-09-21T04:37:40","guid":{"rendered":"http:\/\/www.exportapymes.com\/comercio-exterior-america-esp\/carrefour-exporta-25-millones-de-euros-en-productos-de-la-region-de-murcia\/"},"modified":"2006-09-20T21:37:40","modified_gmt":"2006-09-21T04:37:40","slug":"carrefour-exporta-25-millones-de-euros-en-productos-de-la-region-de-murcia","status":"publish","type":"post","link":"https:\/\/www.exportapymes.com\/comercio-exterior-america-esp\/carrefour-exporta-25-millones-de-euros-en-productos-de-la-region-de-murcia\/","title":{"rendered":"Carrefour exporta 25 millones de euros en productos de la Regi\u00f3n de Murcia"},"content":{"rendered":"<p>El <strong>grupo Carrefour<\/strong> mantuvo el pasado a\u00f1o relaciones comerciales con 335 empresas murcianas para la venta de productos en los hipermercados de esta cadena internacional.<br \/>\n<img decoding=\"async\" src=\"http:\/\/www.exportapymes.com\/comercio-exterior-america-esp\/images\/ban\/spain.jpg\" \/>   Dicha relaci\u00f3n super\u00f3 los 238 millones de euros, que suponen un crecimiento de m\u00e1s de 51 millones de euros en productos hortofrut\u00edcolas de la Regi\u00f3n respecto a 2004, seg\u00fan explic\u00f3 el <strong>presidente de Carrefour, Rafael Arias-Salgado<\/strong>, quien inaugur\u00f3 la <strong>VI edici\u00f3n de Promoci\u00f3n de Productos de Murcia<\/strong> que pretende mostrar y dar a conocer a los clientes de los hipermercados de los centros<\/p>\n<p><!--more-->comerciales de Atalayas y Zaraiche en Murcia y Carrefour Cartagena la variedad de productos comercializados en la Comunidad murciana.<\/p>\n<p>La muestra, que estar\u00e1 instalada hasta el pr\u00f3ximo s\u00e1bado 23 ofrecer\u00e1, adem\u00e1s, degustaciones de algunos de estos productos, y que finalizar\u00e1 con la entrega del Premio Carrefour a la Mejor Pyme Agroalimentaria de la Regi\u00f3n, que este a\u00f1o celebra su cuarta edici\u00f3n, y cuyo galard\u00f3n conceden los clientes de los tres centros comerciales de la cadena en la Regi\u00f3n.<\/p>\n<p>La muestra la componen 382 art\u00edculos de alimentaci\u00f3n envasada y productos frescos de la Regi\u00f3n, algunos de los cuales pertenecen a los m\u00e1s de 800 art\u00edculos murcianos que se pueden encontrar en el hipermercado y muchos de ellos distribuidos por todos los centros abiertos en distintos pa\u00edses de la Uni\u00f3n Europea y que en 2005 representaron 25 millones de euros del total de venta de productos de la Regi\u00f3n.<\/p>\n<p>El surtido de \u2018Productos de Murcia\u2019 que se pueden encontrar los clientes en la muestra incluye una amplia gama de art\u00edculos elaborados por pymes locales entre los que se encuentra una amplia selecci\u00f3n de vinos Denominaci\u00f3n de Origen (D.O.) Jumilla, Bullas y Yecla, queso D.O. de Murcia, arroz de Calasparra y una gran selecci\u00f3n de frutas y verduras, entre otros.<\/p>\n<p>El presidente de los centros comerciales Carrefour explic\u00f3, adem\u00e1s, que el grupo est\u00e1 ultimando los productos de todo el pa\u00eds que conformar\u00e1n la segunda Feria de Productos Espa\u00f1oles que se realiza en el hipermercado que la empresa tiene en Varsovia, Polonia, \u201cy donde queremos que los productos murcianos tengan una amplia representaci\u00f3n\u201d, afirm\u00f3.<\/p>\n<p><strong><em>Exportaci\u00f3n<\/em><\/strong><br \/>\nPor su parte, el consejero de Agricultura y Agua, Antonio Cerd\u00e1, se mostr\u00f3 satisfecho por la promoci\u00f3n de los productos murcianos que realiza por sexta vez el grupo Carrefour, a la vez que destac\u00f3 \u201cla amplia gama de art\u00edculos que hay en Murcia, tanto en el sector de la fruta, hortalizas, vinos y quesos, entre otros, que son conocidos y <strong>exportados en todo el mundo<\/strong>\u201d. Asimismo reiter\u00f3 la importancia que tienen los productos murcianos en el mercado exterior \u201cy que suponen el 20 por ciento del total del total de frutas y verduras que exporta el conjunto de Espa\u00f1a\u201d.<\/p>\n<p>En este sentido, Cerd\u00e1 destaca como uno de los productos murcianos que est\u00e1 presentando \u201cun mayor despunte en los \u00faltimos a\u00f1os\u201d el queso, \u201cen sus distintas variedades y en la denominaci\u00f3n de origen, que est\u00e1 siendo muy bien acogido por los mercados extranjeros\u201d.<\/p>\n<p>Al acto de inauguraci\u00f3n de la muestra, que tuvo lugar en el hipermercado de Las Atalayas, en Murcia, acudieron representantes de algunas de las empresas participantes en la muestra, entre otras personalidades relacionadas con el mundo empresarial, pol\u00edtico y la huerta. M. Fernandez. El Faro de Murcia<\/p>\n","protected":false},"excerpt":{"rendered":"<p>El grupo Carrefour mantuvo el pasado a\u00f1o relaciones comerciales con 335 empresas murcianas para la venta de productos en los hipermercados de esta cadena internacional. Dicha relaci\u00f3n super\u00f3 los 238 millones de euros, que suponen un crecimiento de m\u00e1s de<span class=\"ellipsis\">&hellip;<\/span><\/p>\n<div class=\"read-more\"><a href=\"https:\/\/www.exportapymes.com\/comercio-exterior-america-esp\/carrefour-exporta-25-millones-de-euros-en-productos-de-la-region-de-murcia\/\">Leer m&aacute;s &#8250;<\/a><\/div>\n<p><!-- end of .read-more --><\/p>\n","protected":false},"author":1,"featured_media":0,"comment_status":"open","ping_status":"open","sticky":false,"template":"","format":"standard","meta":{"footnotes":""},"categories":[9,24,25],"tags":[],"class_list":["post-813","post","type-post","status-publish","format-standard","hentry","category-el-salvador","category-exportacion","category-internacionalizacion"],"_links":{"self":[{"href":"https:\/\/www.exportapymes.com\/comercio-exterior-america-esp\/wp-json\/wp\/v2\/posts\/813","targetHints":{"allow":["GET"]}}],"collection":[{"href":"https:\/\/www.exportapymes.com\/comercio-exterior-america-esp\/wp-json\/wp\/v2\/posts"}],"about":[{"href":"https:\/\/www.exportapymes.com\/comercio-exterior-america-esp\/wp-json\/wp\/v2\/types\/post"}],"author":[{"embeddable":true,"href":"https:\/\/www.exportapymes.com\/comercio-exterior-america-esp\/wp-json\/wp\/v2\/users\/1"}],"replies":[{"embeddable":true,"href":"https:\/\/www.exportapymes.com\/comercio-exterior-america-esp\/wp-json\/wp\/v2\/comments?post=813"}],"version-history":[{"count":0,"href":"https:\/\/www.exportapymes.com\/comercio-exterior-america-esp\/wp-json\/wp\/v2\/posts\/813\/revisions"}],"wp:attachment":[{"href":"https:\/\/www.exportapymes.com\/comercio-exterior-america-esp\/wp-json\/wp\/v2\/media?parent=813"}],"wp:term":[{"taxonomy":"category","embeddable":true,"href":"https:\/\/www.exportapymes.com\/comercio-exterior-america-esp\/wp-json\/wp\/v2\/categories?post=813"},{"taxonomy":"post_tag","embeddable":true,"href":"https:\/\/www.exportapymes.com\/comercio-exterior-america-esp\/wp-json\/wp\/v2\/tags?post=813"}],"curies":[{"name":"wp","href":"https:\/\/api.w.org\/{rel}","templated":true}]}}