{"id":814,"date":"2006-09-23T21:51:28","date_gmt":"2006-09-24T04:51:28","guid":{"rendered":"http:\/\/www.exportapymes.com\/comercio-exterior-america-esp\/diez-becarios-se-formaran-en-comercio-exterior-en-las-oficinas-del-ipex\/"},"modified":"2006-09-23T21:51:28","modified_gmt":"2006-09-24T04:51:28","slug":"diez-becarios-se-formaran-en-comercio-exterior-en-las-oficinas-del-ipex","status":"publish","type":"post","link":"https:\/\/www.exportapymes.com\/comercio-exterior-america-esp\/diez-becarios-se-formaran-en-comercio-exterior-en-las-oficinas-del-ipex\/","title":{"rendered":"Diez becarios se formar\u00e1n en comercio exterior en las oficinas del Ipex"},"content":{"rendered":"<p>Castilla-La Mancha dispondr\u00e1 el pr\u00f3ximo a\u00f1o de nueve becarios en oficinas comerciales de Espa\u00f1a en el extranjero y uno m\u00e1s en la oficina que el <strong>Instituto de Promoci\u00f3n Exterior (IPEX) de Castilla-La Mancha<\/strong> tiene abierta desde el presente a\u00f1o en China.<br \/>\n<img decoding=\"async\" src=\"http:\/\/www.exportapymes.com\/comercio-exterior-america-esp\/images\/ban\/spain.jpg\" \/>   Seg\u00fan inform\u00f3 la Junta de Comunidades, por primera vez habr\u00e1 presencia de becarios de la regi\u00f3n en las oficinas de Sydney (Australia), Casablanca (Marruecos), Lisboa (Portugal) y El Cairo (Egipto).<br \/>\n<!--more-->Adem\u00e1s, habr\u00e1 becarios en Dusseldorf (Alemania), Nueva York y Miami (Estados Unidos), Par\u00eds (Francia) y Estocolmo (Suecia) y la oficina del IPEX en Shanghai (China) estar\u00e1 reforzada con la presencia de otro becario.<\/p>\n<p>Durante cuatro d\u00edas los alumnos han recibido formaci\u00f3n presencial centrada en la b\u00fasqueda de informaci\u00f3n con el fin de que conozcan los mejores buscadores de Internet y los contenidos m\u00e1s interesantes en relaci\u00f3n con el <strong>comercio exterior<\/strong>.<\/p>\n<p>El proceso formativo se prolongar\u00e1 durante un mes y medio m\u00e1s \u00abon line\u00bb, periodo que se conjugar\u00e1 con la visita a empresas de la regi\u00f3n, asociaciones sectoriales e instituciones y la asistencia a ferias como Farcama (Toledo), Espa\u00f1a Original (Ciudad Real) o la Feria Internacional del Mueble de Valencia. La Verdad Digital<\/p>\n","protected":false},"excerpt":{"rendered":"<p>Castilla-La Mancha dispondr\u00e1 el pr\u00f3ximo a\u00f1o de nueve becarios en oficinas comerciales de Espa\u00f1a en el extranjero y uno m\u00e1s en la oficina que el Instituto de Promoci\u00f3n Exterior (IPEX) de Castilla-La Mancha tiene abierta desde el presente a\u00f1o en<span class=\"ellipsis\">&hellip;<\/span><\/p>\n<div class=\"read-more\"><a href=\"https:\/\/www.exportapymes.com\/comercio-exterior-america-esp\/diez-becarios-se-formaran-en-comercio-exterior-en-las-oficinas-del-ipex\/\">Leer m&aacute;s &#8250;<\/a><\/div>\n<p><!-- end of .read-more --><\/p>\n","protected":false},"author":1,"featured_media":0,"comment_status":"open","ping_status":"open","sticky":false,"template":"","format":"standard","meta":{"footnotes":""},"categories":[22,25],"tags":[],"class_list":["post-814","post","type-post","status-publish","format-standard","hentry","category-espana","category-internacionalizacion"],"_links":{"self":[{"href":"https:\/\/www.exportapymes.com\/comercio-exterior-america-esp\/wp-json\/wp\/v2\/posts\/814","targetHints":{"allow":["GET"]}}],"collection":[{"href":"https:\/\/www.exportapymes.com\/comercio-exterior-america-esp\/wp-json\/wp\/v2\/posts"}],"about":[{"href":"https:\/\/www.exportapymes.com\/comercio-exterior-america-esp\/wp-json\/wp\/v2\/types\/post"}],"author":[{"embeddable":true,"href":"https:\/\/www.exportapymes.com\/comercio-exterior-america-esp\/wp-json\/wp\/v2\/users\/1"}],"replies":[{"embeddable":true,"href":"https:\/\/www.exportapymes.com\/comercio-exterior-america-esp\/wp-json\/wp\/v2\/comments?post=814"}],"version-history":[{"count":0,"href":"https:\/\/www.exportapymes.com\/comercio-exterior-america-esp\/wp-json\/wp\/v2\/posts\/814\/revisions"}],"wp:attachment":[{"href":"https:\/\/www.exportapymes.com\/comercio-exterior-america-esp\/wp-json\/wp\/v2\/media?parent=814"}],"wp:term":[{"taxonomy":"category","embeddable":true,"href":"https:\/\/www.exportapymes.com\/comercio-exterior-america-esp\/wp-json\/wp\/v2\/categories?post=814"},{"taxonomy":"post_tag","embeddable":true,"href":"https:\/\/www.exportapymes.com\/comercio-exterior-america-esp\/wp-json\/wp\/v2\/tags?post=814"}],"curies":[{"name":"wp","href":"https:\/\/api.w.org\/{rel}","templated":true}]}}