{"id":827,"date":"2006-09-23T23:39:11","date_gmt":"2006-09-24T06:39:11","guid":{"rendered":"http:\/\/www.exportapymes.com\/comercio-exterior-america-esp\/la-camara-de-comercio-de-zaragoza-insiste-en-ampliar-la-base-exportadora-de-aragon\/"},"modified":"2006-09-23T23:39:11","modified_gmt":"2006-09-24T06:39:11","slug":"la-camara-de-comercio-de-zaragoza-insiste-en-ampliar-la-base-exportadora-de-aragon","status":"publish","type":"post","link":"https:\/\/www.exportapymes.com\/comercio-exterior-america-esp\/la-camara-de-comercio-de-zaragoza-insiste-en-ampliar-la-base-exportadora-de-aragon\/","title":{"rendered":"La C\u00e1mara de Comercio de Zaragoza insiste en ampliar la base exportadora de Arag\u00f3n"},"content":{"rendered":"<p>El presidente de la <strong>C\u00e1mara de Comercio e Industria de Zaragoza<\/strong>, <strong>Manuel Teruel<\/strong>, ha insistido en la importancia estrat\u00e9gica de <strong>ampliar la base de empresas exportadoras de Arag\u00f3n<\/strong>, as\u00ed como de impulsar <strong>nuevos mercados en el exterior m\u00e1s all\u00e1 de la Uni\u00f3n Europea<\/strong>, en especial hacia Asia y este de Europa. Manuel Teruel ha intervenido en la clausura de la <strong>jornada sobre los servicios y las ayudas a la exportaci\u00f3n<\/strong>, que ha organizado la C\u00e1mara de Comercio, en colaboraci\u00f3n con el <strong>Gobierno de Arag\u00f3n<\/strong>.<br \/>\n<img decoding=\"async\" src=\"http:\/\/www.exportapymes.com\/comercio-exterior-america-esp\/images\/ban\/spain.jpg\" \/>   La sesi\u00f3n informativa ha sido clausurada por<strong> Alberto Larraz<\/strong>, consejero de Econom\u00eda, Hacienda y Empleo del <strong>Gobierno aragon\u00e9s<\/strong>.<br \/>\n<!--more-->Las <strong>pymes<\/strong> participantes en la jornada han podido conocer tres claves para<strong> impulsar su presencia en los mercados exteriores<\/strong>: los servicios de la C\u00e1mara de Comercio, las ayudas del Gobierno de Arag\u00f3n y la experiencia de la empresa aragonesa Airtex Products.<\/p>\n<p><strong>Jes\u00fas Cisneros<\/strong>, director del <strong>\u00c1rea de Internacionalizaci\u00f3n de la C\u00e1mara<\/strong>, ha expuesto los <strong>servicios de formaci\u00f3n, asesor\u00eda, gesti\u00f3n y promoci\u00f3n de las exportaciones<\/strong>. En este sentido, la <strong>C\u00e1mara de Zaragoza<\/strong> apoya en este momento a unas 150 pymes que se est\u00e1n <strong>iniciando en la exportaci\u00f3n<\/strong>, a trav\u00e9s de los programas <strong>PIPE y GTP<\/strong> (gestores a tiempo parcial). Asimismo, ha adelantado el dise\u00f1o del <strong>programa de misiones comerciales al exterior<\/strong> para 2007, que se perfila como el m\u00e1s amplio jam\u00e1s presentado: 21 misiones comerciales a 32 pa\u00edses. Por su parte, Jos\u00e9 Miguel Guinda, director de Airtex Products, ha explicado c\u00f3mo aprendi\u00f3 a<strong> exportar la empresa aragonesa<\/strong>.<\/p>\n<p>Juan Manuel Ubiergo, asesor del Departamento de Econom\u00eda, ha comentado las l\u00edneas maestras de la convocatoria de <strong>ayudas del Gobierno de Arag\u00f3n para la internacionalizaci\u00f3n de las empresas aragonesas<\/strong>, dotada con 600.000 euros en el a\u00f1o 2006.<\/p>\n<p><strong><em>Innovaci\u00f3n e internacionalizaci\u00f3n<br \/>\n<\/em><\/strong>En la clausura, Manuel Teruel ha vinculado la <strong>innovaci\u00f3n y la internacionalizaci\u00f3n de las empresas<\/strong>. El presidente de la C\u00e1mara de Comercio ha se\u00f1alado que el reto para 2007 es aumentar la<strong> base de empresas exportadores y su presencia en el exterior<\/strong>. Asimismo, ha recordado el papel de las <strong>C\u00e1maras de Comercio en la promoci\u00f3n del comercio exterior <\/strong>y, en especial, el peso de <strong>Zaragoza<\/strong> en la organizaci\u00f3n de misiones multicamerales.<\/p>\n","protected":false},"excerpt":{"rendered":"<p>El presidente de la C\u00e1mara de Comercio e Industria de Zaragoza, Manuel Teruel, ha insistido en la importancia estrat\u00e9gica de ampliar la base de empresas exportadoras de Arag\u00f3n, as\u00ed como de impulsar nuevos mercados en el exterior m\u00e1s all\u00e1 de<span class=\"ellipsis\">&hellip;<\/span><\/p>\n<div class=\"read-more\"><a href=\"https:\/\/www.exportapymes.com\/comercio-exterior-america-esp\/la-camara-de-comercio-de-zaragoza-insiste-en-ampliar-la-base-exportadora-de-aragon\/\">Leer m&aacute;s &#8250;<\/a><\/div>\n<p><!-- end of .read-more --><\/p>\n","protected":false},"author":1,"featured_media":0,"comment_status":"open","ping_status":"open","sticky":false,"template":"","format":"standard","meta":{"footnotes":""},"categories":[22,24,25],"tags":[],"class_list":["post-827","post","type-post","status-publish","format-standard","hentry","category-espana","category-exportacion","category-internacionalizacion"],"_links":{"self":[{"href":"https:\/\/www.exportapymes.com\/comercio-exterior-america-esp\/wp-json\/wp\/v2\/posts\/827","targetHints":{"allow":["GET"]}}],"collection":[{"href":"https:\/\/www.exportapymes.com\/comercio-exterior-america-esp\/wp-json\/wp\/v2\/posts"}],"about":[{"href":"https:\/\/www.exportapymes.com\/comercio-exterior-america-esp\/wp-json\/wp\/v2\/types\/post"}],"author":[{"embeddable":true,"href":"https:\/\/www.exportapymes.com\/comercio-exterior-america-esp\/wp-json\/wp\/v2\/users\/1"}],"replies":[{"embeddable":true,"href":"https:\/\/www.exportapymes.com\/comercio-exterior-america-esp\/wp-json\/wp\/v2\/comments?post=827"}],"version-history":[{"count":0,"href":"https:\/\/www.exportapymes.com\/comercio-exterior-america-esp\/wp-json\/wp\/v2\/posts\/827\/revisions"}],"wp:attachment":[{"href":"https:\/\/www.exportapymes.com\/comercio-exterior-america-esp\/wp-json\/wp\/v2\/media?parent=827"}],"wp:term":[{"taxonomy":"category","embeddable":true,"href":"https:\/\/www.exportapymes.com\/comercio-exterior-america-esp\/wp-json\/wp\/v2\/categories?post=827"},{"taxonomy":"post_tag","embeddable":true,"href":"https:\/\/www.exportapymes.com\/comercio-exterior-america-esp\/wp-json\/wp\/v2\/tags?post=827"}],"curies":[{"name":"wp","href":"https:\/\/api.w.org\/{rel}","templated":true}]}}