{"id":838,"date":"2006-09-27T07:53:21","date_gmt":"2006-09-27T14:53:21","guid":{"rendered":"http:\/\/www.exportapymes.com\/comercio-exterior-america-esp\/realizaran-primer-simulacro-de-exportacion-de-mipymes\/"},"modified":"2006-09-27T07:53:21","modified_gmt":"2006-09-27T14:53:21","slug":"realizaran-primer-simulacro-de-exportacion-de-mipymes","status":"publish","type":"post","link":"https:\/\/www.exportapymes.com\/comercio-exterior-america-esp\/realizaran-primer-simulacro-de-exportacion-de-mipymes\/","title":{"rendered":"Realizar\u00e1n primer simulacro de exportaci\u00f3n de MiPymes"},"content":{"rendered":"<p>El pr\u00f3ximo viernes 29 de septiembre, se llevar\u00e1 a cabo en Santa Teresa, Nuevo M\u00e9xico, el primer simulacro de <strong>exportaci\u00f3n de micro y peque\u00f1as empresas (Pymes)<\/strong>, en el cual participar\u00e1n 16 empresas chihuahuenses.<br \/>\n<img decoding=\"async\" src=\"http:\/\/www.exportapymes.com\/comercio-exterior-america-esp\/images\/ban\/mexico.jpg\" \/>   Lo anterior se dio a conocer por parte de la Secretar\u00eda de Desarrollo Industrial a trav\u00e9s de un comunicado de prensa, donde se revel\u00f3 que en el evento se dar\u00e1 a conocer por parte de las autoridades aduaneras de Nuevo M\u00e9xico, los tr\u00e1mites necesarios para llevar a cabo sus <strong>exportaciones<\/strong>.<br \/>\n<!--more-->Como primer evento a las 11:30 de la ma\u00f1ana del d\u00eda 29 se realizar\u00e1 un recorrido vehicular por las plataformas de<strong> importaci\u00f3n<\/strong> en la aduana de Santa Teresa, posteriormente se llevar\u00e1 a cabo un seminario que comprende el simulacro de <strong>exportaci\u00f3n de Micro-Empresas<\/strong> chihuahuenses en Ardovino\u00b4s Desert Crossing en 1 Ardovino\u00b4s Dr., Sunland Park NM 88063.<\/p>\n<p>En ese lugar habr\u00e1 seis expositores de Santa Teresa, cuyos nombres se anexan, los cuales tratar\u00e1n de despejar todas las dudas a los <strong>microempresarios<\/strong> chihuahuenses \u2013se anexa lista- los cuales est\u00e1n <strong>interesados en exportar<\/strong>, pero por diversas reglamentaciones de los Estados Unidos, no han podido llevar a cabo ese proyecto, inform\u00f3 el Secretario de Desarrollo Industrial del Gobierno del Estado, Alejandro Cano Ricaud.<\/p>\n","protected":false},"excerpt":{"rendered":"<p>El pr\u00f3ximo viernes 29 de septiembre, se llevar\u00e1 a cabo en Santa Teresa, Nuevo M\u00e9xico, el primer simulacro de exportaci\u00f3n de micro y peque\u00f1as empresas (Pymes), en el cual participar\u00e1n 16 empresas chihuahuenses. Lo anterior se dio a conocer por<span class=\"ellipsis\">&hellip;<\/span><\/p>\n<div class=\"read-more\"><a href=\"https:\/\/www.exportapymes.com\/comercio-exterior-america-esp\/realizaran-primer-simulacro-de-exportacion-de-mipymes\/\">Leer m&aacute;s &#8250;<\/a><\/div>\n<p><!-- end of .read-more --><\/p>\n","protected":false},"author":1,"featured_media":0,"comment_status":"open","ping_status":"open","sticky":false,"template":"","format":"standard","meta":{"footnotes":""},"categories":[30,24,26,25,13,29],"tags":[],"class_list":["post-838","post","type-post","status-publish","format-standard","hentry","category-comercio-exterior","category-exportacion","category-importacion","category-internacionalizacion","category-mexico","category-mipymes"],"_links":{"self":[{"href":"https:\/\/www.exportapymes.com\/comercio-exterior-america-esp\/wp-json\/wp\/v2\/posts\/838","targetHints":{"allow":["GET"]}}],"collection":[{"href":"https:\/\/www.exportapymes.com\/comercio-exterior-america-esp\/wp-json\/wp\/v2\/posts"}],"about":[{"href":"https:\/\/www.exportapymes.com\/comercio-exterior-america-esp\/wp-json\/wp\/v2\/types\/post"}],"author":[{"embeddable":true,"href":"https:\/\/www.exportapymes.com\/comercio-exterior-america-esp\/wp-json\/wp\/v2\/users\/1"}],"replies":[{"embeddable":true,"href":"https:\/\/www.exportapymes.com\/comercio-exterior-america-esp\/wp-json\/wp\/v2\/comments?post=838"}],"version-history":[{"count":0,"href":"https:\/\/www.exportapymes.com\/comercio-exterior-america-esp\/wp-json\/wp\/v2\/posts\/838\/revisions"}],"wp:attachment":[{"href":"https:\/\/www.exportapymes.com\/comercio-exterior-america-esp\/wp-json\/wp\/v2\/media?parent=838"}],"wp:term":[{"taxonomy":"category","embeddable":true,"href":"https:\/\/www.exportapymes.com\/comercio-exterior-america-esp\/wp-json\/wp\/v2\/categories?post=838"},{"taxonomy":"post_tag","embeddable":true,"href":"https:\/\/www.exportapymes.com\/comercio-exterior-america-esp\/wp-json\/wp\/v2\/tags?post=838"}],"curies":[{"name":"wp","href":"https:\/\/api.w.org\/{rel}","templated":true}]}}