{"id":854,"date":"2006-10-02T19:17:14","date_gmt":"2006-10-03T02:17:14","guid":{"rendered":"http:\/\/www.exportapymes.com\/comercio-exterior-america-esp\/definen-estrategia-nacional-para-convertir-a-chile-en-potencia-alimentaria\/"},"modified":"2006-10-02T19:17:14","modified_gmt":"2006-10-03T02:17:14","slug":"definen-estrategia-nacional-para-convertir-a-chile-en-potencia-alimentaria","status":"publish","type":"post","link":"https:\/\/www.exportapymes.com\/comercio-exterior-america-esp\/definen-estrategia-nacional-para-convertir-a-chile-en-potencia-alimentaria\/","title":{"rendered":"Definen estrategia nacional para convertir a Chile en potencia alimentaria"},"content":{"rendered":"<p>Su objetivo es<strong> posicionar a Chile dentro de los 10 mayores pa\u00edses exportadores de alimentos del mundo<\/strong> de cara al bicentenario.<br \/>\n<img decoding=\"async\" src=\"http:\/\/www.exportapymes.com\/comercio-exterior-america-esp\/images\/ban\/chile.jpg\" \/>   En una ceremonia encabezada por la <strong>Presidenta Michelle Bachelet<\/strong>, a realizarse este mi\u00e9rcoles 4 de octubre, en la planta oliv\u00edcola SOHO S.A en la Laguna de Aculeo, el Ministro de Agricultura, \u00c1lvaro Rojas, constituir\u00e1 el Consejo Asesor \u201c<strong>Chile Potencia Alimentaria<\/strong>\u201d, organismo que ser\u00e1 el encargado de elaborar una <strong>estrategia pa\u00eds<\/strong> para desarrollar el sector alimentario chileno al nivel de una potencia alimentaria mundial.<br \/>\n<!--more-->A juicio de Rojas, este Consejo Asesor \u201cser\u00e1 de vital importancia en las pretensiones de modernizar el agro, darle un desarrollo equitativo en todos los rubros y niveles productivos y lograr la tan ansiada meta de pasar de US$ 8.000 a US$ 17.000 millones anuales en exportaciones de productos agr\u00edcolas y alimentos\u201d.<\/p>\n<p>El Consejo se constituir\u00e1 en la m\u00e1xima instancia de articulaci\u00f3n de pol\u00edticas y de coordinaci\u00f3n de acciones, para que tanto la institucionalidad p\u00fablica como la privada, cuenten con un marco regulatorio y un entorno operativo adecuado para avanzar en el desaf\u00edo de ubicar a <strong>Chile dentro de los 10 principales pa\u00edses exportadores de alimentos del mundo<\/strong>.<\/p>\n<p>El grupo asesor tendr\u00e1 dos \u00e1reas : una de articulaci\u00f3n pol\u00edtica, que ser\u00e1 coordinada y presidida por el Ministro de Agricultura, a trav\u00e9s de la Secretaria Ejecutiva del mismo y una de car\u00e1cter operativo constituida por equipos de trabajo especializados que estar\u00e1n directamente subordinados al Consejo.<\/p>\n<p>Esta instancia ser\u00e1 encabezada por el Ministro de Agricultura y estar\u00e1 conformada por la Subsecretaria de Agricultura adem\u00e1s de las Subsecretar\u00edas de Salud y de la Presidencia. Participar\u00e1n tambi\u00e9n los directores de DIRECON, SAG, INDAP, CORFO, SENCE, PROCHILE adem\u00e1s del Consejo de Innovaci\u00f3n para la Competitividad, el Consejo de Rectores y la Fundaci\u00f3n Chile. Por el sector privado habr\u00e1 cuatro representantes de industrias de alimentos y los presidentes de la Sociedad Nacional de Agricultura (SNA), el Consorcio Agr\u00edcola del Sur (CAS), el Movimiento Unitario Campesino y Etnias de Chile (MUCECH), la Confederaci\u00f3n Nacional La Voz del Campo y la Corporaci\u00f3n \u201cCinco al D\u00eda\u201d.<\/p>\n<p>El Consejo se reunir\u00e1 con una periodicidad de 4 veces al a\u00f1o, y ser\u00e1 convocado por el mismo Ministro de Agricultura.<\/p>\n","protected":false},"excerpt":{"rendered":"<p>Su objetivo es posicionar a Chile dentro de los 10 mayores pa\u00edses exportadores de alimentos del mundo de cara al bicentenario. En una ceremonia encabezada por la Presidenta Michelle Bachelet, a realizarse este mi\u00e9rcoles 4 de octubre, en la planta<span class=\"ellipsis\">&hellip;<\/span><\/p>\n<div class=\"read-more\"><a href=\"https:\/\/www.exportapymes.com\/comercio-exterior-america-esp\/definen-estrategia-nacional-para-convertir-a-chile-en-potencia-alimentaria\/\">Leer m&aacute;s &#8250;<\/a><\/div>\n<p><!-- end of .read-more --><\/p>\n","protected":false},"author":1,"featured_media":0,"comment_status":"open","ping_status":"open","sticky":false,"template":"","format":"standard","meta":{"footnotes":""},"categories":[4,30,24,25,29,27],"tags":[],"class_list":["post-854","post","type-post","status-publish","format-standard","hentry","category-chile","category-comercio-exterior","category-exportacion","category-internacionalizacion","category-mipymes","category-pymes"],"_links":{"self":[{"href":"https:\/\/www.exportapymes.com\/comercio-exterior-america-esp\/wp-json\/wp\/v2\/posts\/854","targetHints":{"allow":["GET"]}}],"collection":[{"href":"https:\/\/www.exportapymes.com\/comercio-exterior-america-esp\/wp-json\/wp\/v2\/posts"}],"about":[{"href":"https:\/\/www.exportapymes.com\/comercio-exterior-america-esp\/wp-json\/wp\/v2\/types\/post"}],"author":[{"embeddable":true,"href":"https:\/\/www.exportapymes.com\/comercio-exterior-america-esp\/wp-json\/wp\/v2\/users\/1"}],"replies":[{"embeddable":true,"href":"https:\/\/www.exportapymes.com\/comercio-exterior-america-esp\/wp-json\/wp\/v2\/comments?post=854"}],"version-history":[{"count":0,"href":"https:\/\/www.exportapymes.com\/comercio-exterior-america-esp\/wp-json\/wp\/v2\/posts\/854\/revisions"}],"wp:attachment":[{"href":"https:\/\/www.exportapymes.com\/comercio-exterior-america-esp\/wp-json\/wp\/v2\/media?parent=854"}],"wp:term":[{"taxonomy":"category","embeddable":true,"href":"https:\/\/www.exportapymes.com\/comercio-exterior-america-esp\/wp-json\/wp\/v2\/categories?post=854"},{"taxonomy":"post_tag","embeddable":true,"href":"https:\/\/www.exportapymes.com\/comercio-exterior-america-esp\/wp-json\/wp\/v2\/tags?post=854"}],"curies":[{"name":"wp","href":"https:\/\/api.w.org\/{rel}","templated":true}]}}