{"id":860,"date":"2006-10-02T20:23:08","date_gmt":"2006-10-03T03:23:08","guid":{"rendered":"http:\/\/www.exportapymes.com\/comercio-exterior-america-esp\/como-establecer-los-precios-en-las-exportaciones-3\/"},"modified":"2006-10-02T20:23:08","modified_gmt":"2006-10-03T03:23:08","slug":"como-establecer-los-precios-en-las-exportaciones-3","status":"publish","type":"post","link":"https:\/\/www.exportapymes.com\/comercio-exterior-america-esp\/como-establecer-los-precios-en-las-exportaciones-3\/","title":{"rendered":"C\u00f3mo establecer los precios en las exportaciones"},"content":{"rendered":"<p>Navarra &#8211; Pamplona &#8211; 5\/10\/06<br \/>\nOrganizado por el<strong> Instituto Espa\u00f1ol de Comercio Exterior (ICEX)<\/strong>, se realizar\u00e1 el <strong>seminario \u201cC\u00f3mo establecer los precios en las exportaciones\u201d<\/strong>.<br \/>\n<img decoding=\"async\" src=\"http:\/\/www.exportapymes.com\/comercio-exterior-america-esp\/images\/ban\/spain.jpg\" \/>   La fijaci\u00f3n del <strong>precio del producto en un mercado exterior<\/strong> es un factor esencial para el <strong>posicionamiento y la presencia en el mercado a medio y largo plazo<\/strong>. Este <strong>seminario<\/strong> aborda con un criterio eminentemente pr\u00e1ctico los pasos necesarios para la fijaci\u00f3n del precio.<\/p>\n<p><!--more--><br \/>\n<em>C\u00f3mo establecer los precios en las exportaciones:<br \/>\nPrograma<br \/>\n<\/em> <\/p>\n<p>09,30: RECEPCI\u00d3N DE ASISTENTES<\/p>\n<p>09:45 APERTURA:<br \/>\n&#8211; D\u00aa. Isabel Pe\u00f1aranda Gonz\u00e1lez-Llanos<br \/>\nDirectora Territorial de Comercio en Navarra<\/p>\n<p>10,00: INTRODUCCI\u00d3N:<br \/>\nLA TRIPLE VISI\u00d3N: DEPARTAMENTO DE EXPORTACI\u00d3N, DEPARTAMENTO ADMINISTRATIVO Y GERENCIA.<\/p>\n<p>10,30 POSICIONAMIENTO Y PRECIOS DE LA COMPETENCIA. \u00bfMISI\u00d3N IMPOSIBLE?<\/p>\n<p>11,00 Pausa-caf\u00e9<\/p>\n<p>11,15 a) COSTES Y GASTOS. LAS PRIMERAS OPERACIONES. COMO IR CONFECCIONANDO LA TARIFA DE PRECIOS.<br \/>\nb) TRATAMIENTO DE LOS M\u00c1RGENES, COMISIONES, DESCUENTOS, PROMOCIONES.<\/p>\n<p>12,15 PRESENTACI\u00d3N DE UNA OFERTA&#8230;.&#8221;QUE VENDA&#8221;.<\/p>\n<p>13,00 CASOS PR\u00c1CTICOS. COLOQUIO<\/p>\n<p>13:45 CLAUSURA<br \/>\nD\u00aa Amaya \u00c1riz Argaya Directora de la Ventanilla \u00danica Internacional de la C\u00e1mara Navarra de Comercio en Industria <\/p>\n<p>Ponente: Jos\u00e9 Luis Cabo. Dtor. de Grup Integral.<\/p>\n<p><em>&#8211; Lugar de celebraci\u00f3n<\/em><br \/>\nC\u00e1mara Navarra de Comercio e Industria<br \/>\nGeneral Chinchilla, 4<br \/>\nPAMPLONA  31002  NAVARRA<br \/>\nAsistencia gratuita     <\/p>\n<p><em>&#8211; Informaci\u00f3n e Inscripciones:<\/em><br \/>\nDirecci\u00f3n Territorial de Comercio &#8211; Icex en Navarra<br \/>\nR\u00edo Elorz, s\/n\u00ba &#8211; Edificio Aduana &#8211; Ciudad Transporte<br \/>\nIMARCOAIN  31119  NAVARRA<br \/>\nM\u00aa Angeles Matellanes<br \/>\nTlf: 948 31 42 80<br \/>\nFax: 948 31 42 77<br \/>\nCorreo electr\u00f3nico: <a href=\"mailto:pamplona.dt@mcx.es\">pamplona.dt@mcx.es<\/a><br \/>\n<strong>Instituto Espa\u00f1ol de Comercio Exterior (ICEX)<\/strong><\/p>\n","protected":false},"excerpt":{"rendered":"<p>Navarra &#8211; Pamplona &#8211; 5\/10\/06 Organizado por el Instituto Espa\u00f1ol de Comercio Exterior (ICEX), se realizar\u00e1 el seminario \u201cC\u00f3mo establecer los precios en las exportaciones\u201d. La fijaci\u00f3n del precio del producto en un mercado exterior es un factor esencial para<span class=\"ellipsis\">&hellip;<\/span><\/p>\n<div class=\"read-more\"><a href=\"https:\/\/www.exportapymes.com\/comercio-exterior-america-esp\/como-establecer-los-precios-en-las-exportaciones-3\/\">Leer m&aacute;s &#8250;<\/a><\/div>\n<p><!-- end of .read-more --><\/p>\n","protected":false},"author":1,"featured_media":0,"comment_status":"open","ping_status":"open","sticky":false,"template":"","format":"standard","meta":{"footnotes":""},"categories":[28,30,22,24,25,29,27],"tags":[],"class_list":["post-860","post","type-post","status-publish","format-standard","hentry","category-capacitacion","category-comercio-exterior","category-espana","category-exportacion","category-internacionalizacion","category-mipymes","category-pymes"],"_links":{"self":[{"href":"https:\/\/www.exportapymes.com\/comercio-exterior-america-esp\/wp-json\/wp\/v2\/posts\/860","targetHints":{"allow":["GET"]}}],"collection":[{"href":"https:\/\/www.exportapymes.com\/comercio-exterior-america-esp\/wp-json\/wp\/v2\/posts"}],"about":[{"href":"https:\/\/www.exportapymes.com\/comercio-exterior-america-esp\/wp-json\/wp\/v2\/types\/post"}],"author":[{"embeddable":true,"href":"https:\/\/www.exportapymes.com\/comercio-exterior-america-esp\/wp-json\/wp\/v2\/users\/1"}],"replies":[{"embeddable":true,"href":"https:\/\/www.exportapymes.com\/comercio-exterior-america-esp\/wp-json\/wp\/v2\/comments?post=860"}],"version-history":[{"count":0,"href":"https:\/\/www.exportapymes.com\/comercio-exterior-america-esp\/wp-json\/wp\/v2\/posts\/860\/revisions"}],"wp:attachment":[{"href":"https:\/\/www.exportapymes.com\/comercio-exterior-america-esp\/wp-json\/wp\/v2\/media?parent=860"}],"wp:term":[{"taxonomy":"category","embeddable":true,"href":"https:\/\/www.exportapymes.com\/comercio-exterior-america-esp\/wp-json\/wp\/v2\/categories?post=860"},{"taxonomy":"post_tag","embeddable":true,"href":"https:\/\/www.exportapymes.com\/comercio-exterior-america-esp\/wp-json\/wp\/v2\/tags?post=860"}],"curies":[{"name":"wp","href":"https:\/\/api.w.org\/{rel}","templated":true}]}}