{"id":862,"date":"2006-10-02T20:49:53","date_gmt":"2006-10-03T03:49:53","guid":{"rendered":"http:\/\/www.exportapymes.com\/comercio-exterior-america-esp\/debate-sobre-la-politica-de-comercio-exterior-del-ecuador\/"},"modified":"2006-10-02T20:49:53","modified_gmt":"2006-10-03T03:49:53","slug":"debate-sobre-la-politica-de-comercio-exterior-del-ecuador","status":"publish","type":"post","link":"https:\/\/www.exportapymes.com\/comercio-exterior-america-esp\/debate-sobre-la-politica-de-comercio-exterior-del-ecuador\/","title":{"rendered":"Debate sobre la pol\u00edtica de comercio exterior del Ecuador"},"content":{"rendered":"<p>Es imposible que el Ecuador se articule a nivel internacional si no definimos una estrategia, dijo Mauricio Pe\u00f1a, ministro de <strong>Comercio Exterior<\/strong>, Industrializaci\u00f3n, Pesca y Competitividad (e), a su arribo a Cuenca, para inaugurar el taller: &#8220;Elementos para la Definici\u00f3n de una<strong> Pol\u00edtica de Comercio Exterior del Ecuador<\/strong>&#8220;, que se realiz\u00f3 en el Auditorio de la Universidad del Azuay.<br \/>\n<img decoding=\"async\" src=\"http:\/\/www.exportapymes.com\/comercio-exterior-america-esp\/images\/ban\/ecuador.jpg\" \/>   Explic\u00f3 que el pa\u00eds viene desde hace alg\u00fan tiempo, haciendo un esfuerzo importante en el objetivo de dotarse de una pol\u00edtica consensuada, lo que implica que debemos enfrentar una serie de aspectos relacionados con el <strong>comercio exterior<\/strong>: todas las <strong>negociaciones internacionales<\/strong>, la construcci\u00f3n de la institucionalidad interna y las herramientas necesarias para entrar al proceso de <strong>apertura comercial<\/strong>.<br \/>\n<!--more-->La decisi\u00f3n de este proceso de implantaci\u00f3n y aprobaci\u00f3n en el pa\u00eds, ha considerado a Cuenca como plan piloto, &#8220;porque en esta ciudad hay un importante desarrollo acad\u00e9mico impulsado por las universidades, y con ellas queremos impulsar un debate sobre el tema de comercio exterior, que los alumnos estudien esta materia, que la observen y nos apoyen en el proceso de construcci\u00f3n, porque es una pol\u00edtica que debe estar permanentemente renovada, retroalimentada y mejorada&#8221;, manifest\u00f3 Pe\u00f1a.<\/p>\n<p>La idea es que los estudiantes y la academia en su conjunto, se articulen en una red de an\u00e1lisis y reflexi\u00f3n sobre los temas que el pa\u00eds requiere para su desarrollo.<\/p>\n<p>El Secretario de Estado (e) destaca que parte de la <strong>Pol\u00edtica de Comercio Exterior<\/strong> es la hoja de ruta de las <strong>negociaciones internacionales<\/strong>. &#8220;Es una herramienta que nos marca el camino, en el sentido que identifica cu\u00e1les son las prioridades que tiene el Ecuador para negociar con el exterior. Es evidente que Estados Unidos es uno de ellos, pero tambi\u00e9n esta la <strong>Comunidad Andina de Naciones (CAN) <\/strong>con la que el Ecuador tiene la enorme responsabilidad de definir una estrategia. &#8220;La CAN est\u00e1 en crisis y tenemos que darle salidas. Es algo que tenemos que definir en estos d\u00edas y es parte de la reflexi\u00f3n que proponemos a las universidades&#8221;, dijo.<\/p>\n<p><em>Con la Comunidad Andina<\/em><br \/>\nEs importante definir una estrategia con la Comunidad Andina de Naciones, porque no s\u00f3lo implica una relaci\u00f3n interna entre los pa\u00edses que la conforman, sino que a trav\u00e9s de ella, se negocia con el MERCOSUR y la Uni\u00f3n Europea.<\/p>\n<p>Sobre este tema, todav\u00eda no hay decisiones, solamente se han definido las prioridades de articulaci\u00f3n del Ecuador a nivel mundial.<\/p>\n<p>El pr\u00f3ximo mes, el MICIP desarrollar\u00e1 una misi\u00f3n comercial con los pa\u00edses de Centro Am\u00e9rica: Salvador, Rep\u00fablica Dominicana, Puerto Rico y Panam\u00e1. Los dos primeros pa\u00edses est\u00e1n incluidos en la hoja de ruta del Ecuador y el objetivo hasta fines de octubre, es dejar cerrado un acuerdo comercial con esas naciones.<\/p>\n<p>La pr\u00f3xima semana en cambio, viene al pa\u00eds, una misi\u00f3n para avanzar en las negociaciones con M\u00e9xico.<\/p>\n<p>El 4 de octubre, una delegaci\u00f3n liderada por el<strong> ministro de Comercio Exterior<\/strong>, Tom\u00e1s Peribonio, viajar\u00e1 a Washington para participar en conversaciones sobre TLC y la ampliaci\u00f3n del ATPDEA. (FOO)<\/p>\n","protected":false},"excerpt":{"rendered":"<p>Es imposible que el Ecuador se articule a nivel internacional si no definimos una estrategia, dijo Mauricio Pe\u00f1a, ministro de Comercio Exterior, Industrializaci\u00f3n, Pesca y Competitividad (e), a su arribo a Cuenca, para inaugurar el taller: &#8220;Elementos para la Definici\u00f3n<span class=\"ellipsis\">&hellip;<\/span><\/p>\n<div class=\"read-more\"><a href=\"https:\/\/www.exportapymes.com\/comercio-exterior-america-esp\/debate-sobre-la-politica-de-comercio-exterior-del-ecuador\/\">Leer m&aacute;s &#8250;<\/a><\/div>\n<p><!-- end of .read-more --><\/p>\n","protected":false},"author":1,"featured_media":0,"comment_status":"open","ping_status":"open","sticky":false,"template":"","format":"standard","meta":{"footnotes":""},"categories":[30,8,25],"tags":[],"class_list":["post-862","post","type-post","status-publish","format-standard","hentry","category-comercio-exterior","category-ecuador","category-internacionalizacion"],"_links":{"self":[{"href":"https:\/\/www.exportapymes.com\/comercio-exterior-america-esp\/wp-json\/wp\/v2\/posts\/862","targetHints":{"allow":["GET"]}}],"collection":[{"href":"https:\/\/www.exportapymes.com\/comercio-exterior-america-esp\/wp-json\/wp\/v2\/posts"}],"about":[{"href":"https:\/\/www.exportapymes.com\/comercio-exterior-america-esp\/wp-json\/wp\/v2\/types\/post"}],"author":[{"embeddable":true,"href":"https:\/\/www.exportapymes.com\/comercio-exterior-america-esp\/wp-json\/wp\/v2\/users\/1"}],"replies":[{"embeddable":true,"href":"https:\/\/www.exportapymes.com\/comercio-exterior-america-esp\/wp-json\/wp\/v2\/comments?post=862"}],"version-history":[{"count":0,"href":"https:\/\/www.exportapymes.com\/comercio-exterior-america-esp\/wp-json\/wp\/v2\/posts\/862\/revisions"}],"wp:attachment":[{"href":"https:\/\/www.exportapymes.com\/comercio-exterior-america-esp\/wp-json\/wp\/v2\/media?parent=862"}],"wp:term":[{"taxonomy":"category","embeddable":true,"href":"https:\/\/www.exportapymes.com\/comercio-exterior-america-esp\/wp-json\/wp\/v2\/categories?post=862"},{"taxonomy":"post_tag","embeddable":true,"href":"https:\/\/www.exportapymes.com\/comercio-exterior-america-esp\/wp-json\/wp\/v2\/tags?post=862"}],"curies":[{"name":"wp","href":"https:\/\/api.w.org\/{rel}","templated":true}]}}