{"id":868,"date":"2006-10-09T12:58:11","date_gmt":"2006-10-09T19:58:11","guid":{"rendered":"http:\/\/www.exportapymes.com\/comercio-exterior-america-esp\/competitividad-y-negociaciones-comerciales\/"},"modified":"2006-10-09T12:58:11","modified_gmt":"2006-10-09T19:58:11","slug":"competitividad-y-negociaciones-comerciales","status":"publish","type":"post","link":"https:\/\/www.exportapymes.com\/comercio-exterior-america-esp\/competitividad-y-negociaciones-comerciales\/","title":{"rendered":"Competitividad y negociaciones comerciales"},"content":{"rendered":"<p>Especialistas de la <strong>Conferencia de las Naciones Unidas para el Desarrollo (Unctad)<\/strong> y de la <strong>Comisi\u00f3n Econ\u00f3mica para Am\u00e9rica Latina y el Caribe (Cepal)<\/strong> disertaron recientemente ante t\u00e9cnicos de diversas entidades gubernamentales sobre el tema \u201c<strong>Competitividad y negociaciones comerciales<\/strong>\u201d, en el marco de un encuentro auspiciado por el <strong>Centro de Exportaci\u00f3n e Inversi\u00f3n del pa\u00eds, CEI-RD<\/strong>.<br \/>\n<img decoding=\"async\" src=\"http:\/\/www.exportapymes.com\/comercio-exterior-america-esp\/images\/ban\/republica_dominicana.jpg\" \/>   En el taller se dieron a conocer los manejos de sistemas de softwares conocidos por sus siglas en ingl\u00e9s como CAN, WITS y ATPSM, y considerados \u201cmuy \u00fatiles para las instituciones vinculadas con el <strong>comercio exterior<\/strong>\u201d.<br \/>\n<!--more-->Los sistemas ser\u00e1n instalados en las entidades participantes, para ser usados en el dise\u00f1o de pol\u00edticas p\u00fablicas.<\/p>\n<p>En el encuentro participaron 38 funcionarios provenientes de 9 instituciones estatales, t\u00e9cnicos de Hait\u00ed y El Salvador, as\u00ed como Juan Guilliani, subsecretario para Asuntos Econ\u00f3micos y Negociaciones Comerciales, y el director del CEI-RD, Eddy Mart\u00ednez. Alexander Pe\u00f1a &#8211; El Caribe<\/p>\n","protected":false},"excerpt":{"rendered":"<p>Especialistas de la Conferencia de las Naciones Unidas para el Desarrollo (Unctad) y de la Comisi\u00f3n Econ\u00f3mica para Am\u00e9rica Latina y el Caribe (Cepal) disertaron recientemente ante t\u00e9cnicos de diversas entidades gubernamentales sobre el tema \u201cCompetitividad y negociaciones comerciales\u201d, en<span class=\"ellipsis\">&hellip;<\/span><\/p>\n<div class=\"read-more\"><a href=\"https:\/\/www.exportapymes.com\/comercio-exterior-america-esp\/competitividad-y-negociaciones-comerciales\/\">Leer m&aacute;s &#8250;<\/a><\/div>\n<p><!-- end of .read-more --><\/p>\n","protected":false},"author":1,"featured_media":0,"comment_status":"open","ping_status":"open","sticky":false,"template":"","format":"standard","meta":{"footnotes":""},"categories":[28,30,9,25,18],"tags":[],"class_list":["post-868","post","type-post","status-publish","format-standard","hentry","category-capacitacion","category-comercio-exterior","category-el-salvador","category-internacionalizacion","category-republica-dominicana"],"_links":{"self":[{"href":"https:\/\/www.exportapymes.com\/comercio-exterior-america-esp\/wp-json\/wp\/v2\/posts\/868","targetHints":{"allow":["GET"]}}],"collection":[{"href":"https:\/\/www.exportapymes.com\/comercio-exterior-america-esp\/wp-json\/wp\/v2\/posts"}],"about":[{"href":"https:\/\/www.exportapymes.com\/comercio-exterior-america-esp\/wp-json\/wp\/v2\/types\/post"}],"author":[{"embeddable":true,"href":"https:\/\/www.exportapymes.com\/comercio-exterior-america-esp\/wp-json\/wp\/v2\/users\/1"}],"replies":[{"embeddable":true,"href":"https:\/\/www.exportapymes.com\/comercio-exterior-america-esp\/wp-json\/wp\/v2\/comments?post=868"}],"version-history":[{"count":0,"href":"https:\/\/www.exportapymes.com\/comercio-exterior-america-esp\/wp-json\/wp\/v2\/posts\/868\/revisions"}],"wp:attachment":[{"href":"https:\/\/www.exportapymes.com\/comercio-exterior-america-esp\/wp-json\/wp\/v2\/media?parent=868"}],"wp:term":[{"taxonomy":"category","embeddable":true,"href":"https:\/\/www.exportapymes.com\/comercio-exterior-america-esp\/wp-json\/wp\/v2\/categories?post=868"},{"taxonomy":"post_tag","embeddable":true,"href":"https:\/\/www.exportapymes.com\/comercio-exterior-america-esp\/wp-json\/wp\/v2\/tags?post=868"}],"curies":[{"name":"wp","href":"https:\/\/api.w.org\/{rel}","templated":true}]}}