{"id":872,"date":"2006-10-09T14:25:48","date_gmt":"2006-10-09T21:25:48","guid":{"rendered":"http:\/\/www.exportapymes.com\/comercio-exterior-america-esp\/interbank-pone-a-disposicion-us350-millones-para-exportadores-del-peru\/"},"modified":"2006-10-09T14:25:48","modified_gmt":"2006-10-09T21:25:48","slug":"interbank-pone-a-disposicion-us350-millones-para-exportadores-del-peru","status":"publish","type":"post","link":"https:\/\/www.exportapymes.com\/comercio-exterior-america-esp\/interbank-pone-a-disposicion-us350-millones-para-exportadores-del-peru\/","title":{"rendered":"Interbank pone a disposici\u00f3n US$350 millones para exportadores del Per\u00fa"},"content":{"rendered":"<p>Con la finalidad de promover un mayor <strong>desarrollo de las empresas exportadoras<\/strong> para este a\u00f1o y esperando alcanzar un crecimiento del 30% con respecto al 2005, <strong>Interbank participa en la semana exportadora<\/strong> ofreciendo nuevos <strong>servicios financieros especializados al sector exportador<\/strong>, lo que permitir\u00e1 brindar asesor\u00eda especializada para hacer f\u00e1cil, r\u00e1pido y econ\u00f3mico su<strong> proceso de exportaci\u00f3n<\/strong>, asimismo Interbank mantiene firme su compromiso de <strong>apoyar la  exportaci\u00f3n<\/strong> tanto de las grandes empresas y de las <strong>PYMES <\/strong>al otorgar l\u00edneas de cr\u00e9dito a trav\u00e9s de un fondo constituido por US$ 350 millones de d\u00f3lares provenientes de bancos extranjeros.<br \/>\n<img decoding=\"async\" src=\"http:\/\/www.exportapymes.com\/comercio-exterior-america-esp\/images\/ban\/peru.jpg\" \/><\/p>\n<p><!--more-->El gerente general del Interbank Ing. Ismael Benavides Ferreyros se\u00f1al\u00f3 que la participaci\u00f3n del Banco en la \u201c<strong>XI Semana del Comercio Exterior 2006<\/strong>\u201d que organiza ADEX con el patrocinio de Interbank, obedece a promover un mayor n\u00famero de <strong>productos exportables<\/strong> con est\u00e1ndares internacionales de calidad y competitividad en el mercado mundial.<br \/>\nEn la actualidad tenemos una <strong>costa exportadora<\/strong> que ha desarrollado su agroindustria con altos niveles de competitividad as\u00ed como Lima con una<strong> oferta exportable<\/strong> textil y de confecciones, que han demandado m\u00e1s de 500,000 empleos directos y unos 2 millones de empleo indirecto. Ahora ya se prepara el programa de<strong> Sierra Exportadora<\/strong> y pr\u00f3ximamente por qu\u00e9  no la <strong>Selva Exportadora<\/strong>. De esta manera, en los pr\u00f3ximos 5 a\u00f1os seremos un pa\u00eds altamente exportable, con mayor empleo, mejor calidad de vida para los trabajadores y  bienestar  para la comunidad.<\/p>\n<p>Por otra parte resalt\u00f3, \u201cLa <strong>Sierra Exportadora<\/strong> puede ser una gran palanca de desarrollo con las 100,000 hect\u00e1reas que tiene el Valle del Mantaro que pueden generar una gran inversi\u00f3n y por ende trabajo pleno en la regi\u00f3n, tal como ha sucedido en la Costa, donde departamentos como Piura, La Libertad, Lambayeque e Ica alcanzan altos \u00edndices de empleo, generando migraci\u00f3n de las zonas andinas, todo esto gracias a las miles de hect\u00e1reas de sembr\u00edos de <strong>productos de agroexportaci\u00f3n<\/strong>, que adem\u00e1s fomentan otros servicios como transporte, seguridad, insumos y log\u00edstica para el manipuleo de los productos\u201d.<\/p>\n<p>Ismael Benavides coment\u00f3 que ahora que el mercado de EEUU y Europa reconocen la calidad de los productos peruanos, es necesario apuntar a China y al Sudeste Asi\u00e1tico que cada vez son m\u00e1s dependientes de alimentos y materias primas, con nuevos productos que tengan valor agregado, por lo tanto el gobierno debe promover mejor infraestructura de los puertos y aeropuertos as\u00ed como las carreteras viales que permitan trasladar en corto tiempo y de manera segura los <strong>productos exportables<\/strong> desde la selva y sierra hacia los puertos de la Costa.<\/p>\n<p>La <strong>Semana Exportadora<\/strong> que promueve Interbank y ADEX se inicia este mi\u00e9rcoles 11 de Octubre en el Centro de Convenciones del Jockey Plaza, donde participan m\u00e1s de 150 empresas expositoras y contar\u00e1 con una asistencia aproximada de 10,000 visitantes. Interbank, ha dispuesto un stand donde un grupo de ejecutivos especializados en el tema de <strong>comercio exterior<\/strong> ofrecer\u00e1n los <strong>productos y servicios<\/strong> que requieren las <strong>operaciones internacionales<\/strong>, tales como <strong>Leasing, Soluciones de cobranzas, pagos y financiamiento, Seguros para el<\/strong> <strong>proceso de exportaci\u00f3n<\/strong> as\u00ed como asesor\u00eda personalizada en Mercado de Capitales que permita maximizar la rentabilidad de los excedentes de liquidez, y\/o eliminar la exposici\u00f3n al riesgo de fluctuaciones de tasas de inter\u00e9s. RPP Noticias<\/p>\n","protected":false},"excerpt":{"rendered":"<p>Con la finalidad de promover un mayor desarrollo de las empresas exportadoras para este a\u00f1o y esperando alcanzar un crecimiento del 30% con respecto al 2005, Interbank participa en la semana exportadora ofreciendo nuevos servicios financieros especializados al sector exportador,<span class=\"ellipsis\">&hellip;<\/span><\/p>\n<div class=\"read-more\"><a href=\"https:\/\/www.exportapymes.com\/comercio-exterior-america-esp\/interbank-pone-a-disposicion-us350-millones-para-exportadores-del-peru\/\">Leer m&aacute;s &#8250;<\/a><\/div>\n<p><!-- end of .read-more --><\/p>\n","protected":false},"author":1,"featured_media":0,"comment_status":"open","ping_status":"open","sticky":false,"template":"","format":"standard","meta":{"footnotes":""},"categories":[30,24,25,29,17,27],"tags":[],"class_list":["post-872","post","type-post","status-publish","format-standard","hentry","category-comercio-exterior","category-exportacion","category-internacionalizacion","category-mipymes","category-peru","category-pymes"],"_links":{"self":[{"href":"https:\/\/www.exportapymes.com\/comercio-exterior-america-esp\/wp-json\/wp\/v2\/posts\/872","targetHints":{"allow":["GET"]}}],"collection":[{"href":"https:\/\/www.exportapymes.com\/comercio-exterior-america-esp\/wp-json\/wp\/v2\/posts"}],"about":[{"href":"https:\/\/www.exportapymes.com\/comercio-exterior-america-esp\/wp-json\/wp\/v2\/types\/post"}],"author":[{"embeddable":true,"href":"https:\/\/www.exportapymes.com\/comercio-exterior-america-esp\/wp-json\/wp\/v2\/users\/1"}],"replies":[{"embeddable":true,"href":"https:\/\/www.exportapymes.com\/comercio-exterior-america-esp\/wp-json\/wp\/v2\/comments?post=872"}],"version-history":[{"count":0,"href":"https:\/\/www.exportapymes.com\/comercio-exterior-america-esp\/wp-json\/wp\/v2\/posts\/872\/revisions"}],"wp:attachment":[{"href":"https:\/\/www.exportapymes.com\/comercio-exterior-america-esp\/wp-json\/wp\/v2\/media?parent=872"}],"wp:term":[{"taxonomy":"category","embeddable":true,"href":"https:\/\/www.exportapymes.com\/comercio-exterior-america-esp\/wp-json\/wp\/v2\/categories?post=872"},{"taxonomy":"post_tag","embeddable":true,"href":"https:\/\/www.exportapymes.com\/comercio-exterior-america-esp\/wp-json\/wp\/v2\/tags?post=872"}],"curies":[{"name":"wp","href":"https:\/\/api.w.org\/{rel}","templated":true}]}}