{"id":877,"date":"2006-10-10T07:52:36","date_gmt":"2006-10-10T14:52:36","guid":{"rendered":"http:\/\/www.exportapymes.com\/comercio-exterior-america-esp\/formacion-exportadora-mercadeo-internacional\/"},"modified":"2006-12-15T18:07:28","modified_gmt":"2006-12-16T01:07:28","slug":"formacion-exportadora-mercadeo-internacional","status":"publish","type":"post","link":"https:\/\/www.exportapymes.com\/comercio-exterior-america-esp\/formacion-exportadora-mercadeo-internacional\/","title":{"rendered":"Formaci\u00f3n Exportadora; Mercadeo internacional"},"content":{"rendered":"<p><strong>Proexport Colombia<\/strong> a trav\u00e9s de su <strong>Centro de Informaci\u00f3n y Asesor\u00eda de Comercio Exterior<\/strong>, ofrece a las as <strong>micro, peque\u00f1as y medianas empresas (Mipymes)<\/strong>, un completo y pr\u00e1ctico<strong> Programa de Formaci\u00f3n Exportadora<\/strong> enfocado en temas claves en el mundo del <strong>comercio internacional<\/strong>. El d\u00eda jueves 12 de octubre se realizar\u00e1 el <strong>seminario de capacitaci\u00f3n<\/strong> denominado \u201c<strong>Mercadeo internacional<\/strong>\u201c.<br \/>\n<img decoding=\"async\" src=\"http:\/\/www.exportapymes.com\/comercio-exterior-america-esp\/images\/ban\/colombia.jpg\" \/><br \/>\n<!--more--><\/p>\n<p><em>Temario:<\/em><br \/>\n<strong>\u00b7 \u00bfCu\u00e1les son los aspectos de marketing estrat\u00e9gicos que debo tener en cuenta para garantizar el \u00e9xito de mi exportaci\u00f3n?<\/strong><strong>\u00b7 \u00bfC\u00f3mo puedo determinar si mi producto debe o no adaptado al mercado al que voy a exportar?<\/p>\n<p>\u00b7 \u00bfQu\u00e9 debo tener en cuenta para hacer un plan de mercadeo para exportar mi producto?<\/p>\n<p>\u00b7 \u00bfC\u00f3mo puedo valorar el potencial de un mercado internacional?<\/p>\n<p>\u00b7 \u00bfQu\u00e9 variables debo tener en cuenta para an\u00e1lisis financiero de mi plan de negocios?<\/p>\n<p><\/strong><em> Horario de cada seminario<\/em>: 07:30 a.m. a 06:00 p.m.<br \/>\n<em>&#8211; Lugar:<\/em> Hotel Dann Carlton, Av. 15 No. 103-60 (ver excepciones)<\/p>\n<p><em>Informes e inscripciones:<\/em><br \/>\nL\u00ednea de Comercio Exterior (571)524 2015 &#8211; 01 900 3310021<br \/>\nE-mail <a href=\"mailto:seminarios@proexport.com.co\"><font color=\"#0066cc\">seminarios@proexport.com.co<\/font><\/a><\/p>\n","protected":false},"excerpt":{"rendered":"<p>Proexport Colombia a trav\u00e9s de su Centro de Informaci\u00f3n y Asesor\u00eda de Comercio Exterior, ofrece a las as micro, peque\u00f1as y medianas empresas (Mipymes), un completo y pr\u00e1ctico Programa de Formaci\u00f3n Exportadora enfocado en temas claves en el mundo del<span class=\"ellipsis\">&hellip;<\/span><\/p>\n<div class=\"read-more\"><a href=\"https:\/\/www.exportapymes.com\/comercio-exterior-america-esp\/formacion-exportadora-mercadeo-internacional\/\">Leer m&aacute;s &#8250;<\/a><\/div>\n<p><!-- end of .read-more --><\/p>\n","protected":false},"author":1,"featured_media":0,"comment_status":"open","ping_status":"open","sticky":false,"template":"","format":"standard","meta":{"footnotes":""},"categories":[28,5,30,24,25,29,48,27],"tags":[],"class_list":["post-877","post","type-post","status-publish","format-standard","hentry","category-capacitacion","category-colombia","category-comercio-exterior","category-exportacion","category-internacionalizacion","category-mipymes","category-proexport","category-pymes"],"_links":{"self":[{"href":"https:\/\/www.exportapymes.com\/comercio-exterior-america-esp\/wp-json\/wp\/v2\/posts\/877","targetHints":{"allow":["GET"]}}],"collection":[{"href":"https:\/\/www.exportapymes.com\/comercio-exterior-america-esp\/wp-json\/wp\/v2\/posts"}],"about":[{"href":"https:\/\/www.exportapymes.com\/comercio-exterior-america-esp\/wp-json\/wp\/v2\/types\/post"}],"author":[{"embeddable":true,"href":"https:\/\/www.exportapymes.com\/comercio-exterior-america-esp\/wp-json\/wp\/v2\/users\/1"}],"replies":[{"embeddable":true,"href":"https:\/\/www.exportapymes.com\/comercio-exterior-america-esp\/wp-json\/wp\/v2\/comments?post=877"}],"version-history":[{"count":0,"href":"https:\/\/www.exportapymes.com\/comercio-exterior-america-esp\/wp-json\/wp\/v2\/posts\/877\/revisions"}],"wp:attachment":[{"href":"https:\/\/www.exportapymes.com\/comercio-exterior-america-esp\/wp-json\/wp\/v2\/media?parent=877"}],"wp:term":[{"taxonomy":"category","embeddable":true,"href":"https:\/\/www.exportapymes.com\/comercio-exterior-america-esp\/wp-json\/wp\/v2\/categories?post=877"},{"taxonomy":"post_tag","embeddable":true,"href":"https:\/\/www.exportapymes.com\/comercio-exterior-america-esp\/wp-json\/wp\/v2\/tags?post=877"}],"curies":[{"name":"wp","href":"https:\/\/api.w.org\/{rel}","templated":true}]}}