{"id":887,"date":"2006-10-10T14:58:39","date_gmt":"2006-10-10T21:58:39","guid":{"rendered":"http:\/\/www.exportapymes.com\/comercio-exterior-america-esp\/empresarios-colombianos-se-capacitaran-para-exportar\/"},"modified":"2006-12-15T18:06:53","modified_gmt":"2006-12-16T01:06:53","slug":"empresarios-colombianos-se-capacitaran-para-exportar","status":"publish","type":"post","link":"https:\/\/www.exportapymes.com\/comercio-exterior-america-esp\/empresarios-colombianos-se-capacitaran-para-exportar\/","title":{"rendered":"Empresarios colombianos se capacitar\u00e1n para exportar"},"content":{"rendered":"<p>Empresarios de tres ciudades del pa\u00eds participar\u00e1n, desde hoy, en el ciclo de conferencias \u201c<strong>Estados Unidos: Su pasaporte de negocios<\/strong>\u201d organizado por <strong>PROEXPORT<\/strong>, como preparaci\u00f3n ante la<strong> macrorrueda de negocios<\/strong> que se realizar\u00e1 con este mercado y Canad\u00e1, el 29 y 30 de octubre.<br \/>\n<img decoding=\"async\" src=\"http:\/\/www.exportapymes.com\/comercio-exterior-america-esp\/images\/ban\/colombia.jpg\" \/>   Los<strong> seminarios<\/strong>, dirigidos a los empresarios inscritos en el certamen, no tienen ning\u00fan costo e inician ma\u00f1ana en el Centro de Convenciones Plaza Mayor de Medell\u00edn;  continuar\u00e1n el 11 de octubre en el Club El Nogal Bogot\u00e1, y el 12 del mismo mes en el Hotel Barranquilla Plaza de la capital del Atl\u00e1ntico.<br \/>\n<!--more-->Seg\u00fan <strong>Luis Guillermo Plata, Presidente de PROEXPORT<\/strong>, la idea es que los participantes en la <strong>rueda de negocios<\/strong> tengan una visi\u00f3n clara del mercado, sus oportunidades, fortalezas y debilidades antes de empezar a negociar. \u201cSabemos que existe un potencial importante en nuestros productos, pero el paso a seguir antes de entrar a ofertar, es conocer los pormenores del comercio con este pa\u00eds, tales como condiciones de acceso, log\u00edstica y nichos potenciales, para que la negociaci\u00f3n en Cartagena sea m\u00e1s efectiva\u201d apunt\u00f3 Plata.<\/p>\n<p>Los<strong> seminarios<\/strong>, realizados con el apoyo de <strong>Price Waterhouse Coopers<\/strong>, abordar\u00e1n temas como: <strong>estrategias de planeaci\u00f3n aduanera; marco de referencia institucional para los negocios internacionales; acceso y normas de origen; alternativas de financiaci\u00f3n, medios de pago, r\u00e9gimen cambiario y cubrimiento del riesgo internacional<\/strong>, entre otros. <\/p>\n<p>Entre los expertos presentes en la conferencia se destacan: Denise Coutinho, Directora de PricewaterHouse Coopers en Miami;  Ramiro Araujo, Consultor Externo de Price Waterhouse Coopers; y Felipe Quintero, Negociador del TLC y Asesor de la Direcci\u00f3n de Integraci\u00f3n del Ministerio de Comercio, Industria y Turismo.<\/p>\n<p>A la fecha hay inscritos en el certamen 585 empresarios nacionales, los cuales ofertar\u00e1n productos agroindustriales, de manufacturas e insumos, prendas y servicios, ante m\u00e1s de 300 compradores.<\/p>\n","protected":false},"excerpt":{"rendered":"<p>Empresarios de tres ciudades del pa\u00eds participar\u00e1n, desde hoy, en el ciclo de conferencias \u201cEstados Unidos: Su pasaporte de negocios\u201d organizado por PROEXPORT, como preparaci\u00f3n ante la macrorrueda de negocios que se realizar\u00e1 con este mercado y Canad\u00e1, el 29<span class=\"ellipsis\">&hellip;<\/span><\/p>\n<div class=\"read-more\"><a href=\"https:\/\/www.exportapymes.com\/comercio-exterior-america-esp\/empresarios-colombianos-se-capacitaran-para-exportar\/\">Leer m&aacute;s &#8250;<\/a><\/div>\n<p><!-- end of .read-more --><\/p>\n","protected":false},"author":1,"featured_media":0,"comment_status":"open","ping_status":"open","sticky":false,"template":"","format":"standard","meta":{"footnotes":""},"categories":[5,30,24,32,25,29,48,27,33],"tags":[],"class_list":["post-887","post","type-post","status-publish","format-standard","hentry","category-colombia","category-comercio-exterior","category-exportacion","category-exportar","category-internacionalizacion","category-mipymes","category-proexport","category-pymes","category-venta"],"_links":{"self":[{"href":"https:\/\/www.exportapymes.com\/comercio-exterior-america-esp\/wp-json\/wp\/v2\/posts\/887","targetHints":{"allow":["GET"]}}],"collection":[{"href":"https:\/\/www.exportapymes.com\/comercio-exterior-america-esp\/wp-json\/wp\/v2\/posts"}],"about":[{"href":"https:\/\/www.exportapymes.com\/comercio-exterior-america-esp\/wp-json\/wp\/v2\/types\/post"}],"author":[{"embeddable":true,"href":"https:\/\/www.exportapymes.com\/comercio-exterior-america-esp\/wp-json\/wp\/v2\/users\/1"}],"replies":[{"embeddable":true,"href":"https:\/\/www.exportapymes.com\/comercio-exterior-america-esp\/wp-json\/wp\/v2\/comments?post=887"}],"version-history":[{"count":0,"href":"https:\/\/www.exportapymes.com\/comercio-exterior-america-esp\/wp-json\/wp\/v2\/posts\/887\/revisions"}],"wp:attachment":[{"href":"https:\/\/www.exportapymes.com\/comercio-exterior-america-esp\/wp-json\/wp\/v2\/media?parent=887"}],"wp:term":[{"taxonomy":"category","embeddable":true,"href":"https:\/\/www.exportapymes.com\/comercio-exterior-america-esp\/wp-json\/wp\/v2\/categories?post=887"},{"taxonomy":"post_tag","embeddable":true,"href":"https:\/\/www.exportapymes.com\/comercio-exterior-america-esp\/wp-json\/wp\/v2\/tags?post=887"}],"curies":[{"name":"wp","href":"https:\/\/api.w.org\/{rel}","templated":true}]}}