{"id":892,"date":"2006-10-11T04:10:51","date_gmt":"2006-10-11T11:10:51","guid":{"rendered":"http:\/\/www.exportapymes.com\/comercio-exterior-america-esp\/inauguran-la-vi-feria-expo-pymes\/"},"modified":"2006-10-11T04:10:51","modified_gmt":"2006-10-11T11:10:51","slug":"inauguran-la-vi-feria-expo-pymes","status":"publish","type":"post","link":"https:\/\/www.exportapymes.com\/comercio-exterior-america-esp\/inauguran-la-vi-feria-expo-pymes\/","title":{"rendered":"Inauguran la VI Feria Expo Pymes"},"content":{"rendered":"<p>La <strong>Confederaci\u00f3n Dominicana de la Peque\u00f1a y Mediana Empresa (Codopyme)<\/strong> inaugur\u00f3 anoche, en el hotel Dominican Fiesta, la sexta edici\u00f3n de la muestra multisectorial <strong>Expo Pymes 2006<\/strong>.<br \/>\n<img decoding=\"async\" src=\"http:\/\/www.exportapymes.com\/comercio-exterior-america-esp\/images\/ban\/republica_dominicana.jpg\" \/>   En la  exposici\u00f3n, que se desarrollar\u00e1 hasta el pr\u00f3ximo domingo, participan 60 <strong>peque\u00f1as y medianas empresas<\/strong> de sectores como la metalmec\u00e1nica, artes gr\u00e1ficas, textiles, muebler\u00eda, artesan\u00eda, calzados, colchoner\u00eda, industriales de la harina, entre otras.<br \/>\n<!--more-->El presidente de <strong>Codopyme<\/strong>, Issachart Burgos, se\u00f1al\u00f3 que esta feria reafirma la confianza en el futuro del sector y muestra el desarrollo de muchas empresas cuyos propietarios han salido adelante.<\/p>\n<p>\u201cLas personas que visiten la feria pondr\u00e1n comprar con hasta un 40% de descuento, recibir financiamiento inmediato y poder pagar con tarjeta de cr\u00e9dito\u201d, indic\u00f3 Burgos.<\/p>\n<p>Durante el desarrollo de la muestra, que tiene como pa\u00eds invitado a Taiw\u00e1n, funcionar\u00e1n oficinas de <strong>Promipyme<\/strong>, del <strong>Banco Ademi, del Banco Nacional de la Vivienda (BNV), de la Asociaci\u00f3n La Nacional de Ahorros y Pr\u00e9stamos y del Banco Hipotecario Dominicano<\/strong>,  donde los empresarios de las Pymes podr\u00e1n obtener pr\u00e9stamos para comprar maquinarias, equipos, viviendas y veh\u00edculos.<\/p>\n<p><strong>Expo Pymes 2006<\/strong> contar\u00e1 con jornadas educativas de <strong>capacitaci\u00f3n para los peque\u00f1os y medianos empresarios<\/strong>, que ser\u00e1n impartidas por facilitadores del Instituto de Formaci\u00f3n T\u00e9cnico Profesional (Infotep), el Consejo de la Competitividad, el <strong>Programa de Apoyo a la Mediana y Peque\u00f1a Empresa (Promipyme) <\/strong>y la Corporaci\u00f3n de Fomento Industrial.<\/p>\n<p><em>Anuncia baja en intereses<\/em><br \/>\nLa directora ejecutiva del <strong>Consejo Nacional del Apoyo a la Micro y Peque\u00f1a Empresa<\/strong>, Mayra Jim\u00e9nez indic\u00f3 que el Gobierno ha invertido 2 mil millones de pesos en el sector,  inversi\u00f3n que ha beneficiado a 26,000 empresarios. Anunci\u00f3 que se redujo al 8 por ciento de la tasa de inter\u00e9s para los pr\u00e9stamos. Miguel Aza &#8211; El Caribe<\/p>\n","protected":false},"excerpt":{"rendered":"<p>La Confederaci\u00f3n Dominicana de la Peque\u00f1a y Mediana Empresa (Codopyme) inaugur\u00f3 anoche, en el hotel Dominican Fiesta, la sexta edici\u00f3n de la muestra multisectorial Expo Pymes 2006. En la exposici\u00f3n, que se desarrollar\u00e1 hasta el pr\u00f3ximo domingo, participan 60 peque\u00f1as<span class=\"ellipsis\">&hellip;<\/span><\/p>\n<div class=\"read-more\"><a href=\"https:\/\/www.exportapymes.com\/comercio-exterior-america-esp\/inauguran-la-vi-feria-expo-pymes\/\">Leer m&aacute;s &#8250;<\/a><\/div>\n<p><!-- end of .read-more --><\/p>\n","protected":false},"author":1,"featured_media":0,"comment_status":"open","ping_status":"open","sticky":false,"template":"","format":"standard","meta":{"footnotes":""},"categories":[30,25,29,27,18],"tags":[],"class_list":["post-892","post","type-post","status-publish","format-standard","hentry","category-comercio-exterior","category-internacionalizacion","category-mipymes","category-pymes","category-republica-dominicana"],"_links":{"self":[{"href":"https:\/\/www.exportapymes.com\/comercio-exterior-america-esp\/wp-json\/wp\/v2\/posts\/892","targetHints":{"allow":["GET"]}}],"collection":[{"href":"https:\/\/www.exportapymes.com\/comercio-exterior-america-esp\/wp-json\/wp\/v2\/posts"}],"about":[{"href":"https:\/\/www.exportapymes.com\/comercio-exterior-america-esp\/wp-json\/wp\/v2\/types\/post"}],"author":[{"embeddable":true,"href":"https:\/\/www.exportapymes.com\/comercio-exterior-america-esp\/wp-json\/wp\/v2\/users\/1"}],"replies":[{"embeddable":true,"href":"https:\/\/www.exportapymes.com\/comercio-exterior-america-esp\/wp-json\/wp\/v2\/comments?post=892"}],"version-history":[{"count":0,"href":"https:\/\/www.exportapymes.com\/comercio-exterior-america-esp\/wp-json\/wp\/v2\/posts\/892\/revisions"}],"wp:attachment":[{"href":"https:\/\/www.exportapymes.com\/comercio-exterior-america-esp\/wp-json\/wp\/v2\/media?parent=892"}],"wp:term":[{"taxonomy":"category","embeddable":true,"href":"https:\/\/www.exportapymes.com\/comercio-exterior-america-esp\/wp-json\/wp\/v2\/categories?post=892"},{"taxonomy":"post_tag","embeddable":true,"href":"https:\/\/www.exportapymes.com\/comercio-exterior-america-esp\/wp-json\/wp\/v2\/tags?post=892"}],"curies":[{"name":"wp","href":"https:\/\/api.w.org\/{rel}","templated":true}]}}