{"id":9,"date":"2006-01-27T15:22:39","date_gmt":"2006-01-27T22:22:39","guid":{"rendered":"http:\/\/www.exportapymes.com\/comercio-exterior-america-esp\/cafta-dr-mercado-millonario-para-puerto-rico\/"},"modified":"2006-02-26T15:23:56","modified_gmt":"2006-02-26T22:23:56","slug":"cafta-dr-mercado-millonario-para-puerto-rico","status":"publish","type":"post","link":"https:\/\/www.exportapymes.com\/comercio-exterior-america-esp\/cafta-dr-mercado-millonario-para-puerto-rico\/","title":{"rendered":"CAFTA-DR: Mercado millonario para Puerto Rico"},"content":{"rendered":"<p><font size=\"2\">Los mercados de los pa\u00edses que componen la regi\u00f3n del <strong>CAFTA-DR<\/strong> comprenden un destino de negocio de aproximadamente $850 millones de las <strong>exportaciones de Puerto Rico<\/strong>.<br \/>\n<img decoding=\"async\" src=\"http:\/\/www.exportapymes.com\/comercio-exterior-america-esp\/images\/ban\/puerto_rico.jpg\" \/> De acuerdo con el informe publicado por el <strong>Departamento de Comercio de EE.UU<\/strong>. sobre este tratado, se observa que Puerto Rico ocupa el quinto lugar en cuanto a <strong>exportaciones a la regi\u00f3n del CAFTA-DR<\/strong>, al comparar las cifras con las de los 50 estados y territorios. Esta tendencia se ha mantenido desde el 2000 hasta el 2004, seg\u00fan dicho informe.<br \/>\n<!--more--><\/font><font size=\"2\"><br \/>\n&#8220;Para poder aprovechar las ventajas que la ratificaci\u00f3n de este tratado tiene para Puerto Rico, es necesario que nuestros empresarios se orienten y eduquen sobre los diversos aspectos del <strong>CAFTA-DR<\/strong> y los cambios que el mismo trae en el proceso de hacer negocios. Con esto en mente y considerando las excelentes oportunidades que este tratado ofrece a las empresas puertorrique\u00f1as, la <strong>Compa\u00f1\u00eda de Comercio y Exportaci\u00f3n (CCE)<\/strong> llevar\u00e1 a cabo una serie de seminarios y talleres a trav\u00e9s del a\u00f1o, enfocados en las oportunidades comerciales de Puerto Rico en cada uno de los pa\u00edses que integran el <strong>CAFTA-DR<\/strong>&#8220;, seg\u00fan el Director Ejecutivo de la CCE, Ricardo Rivera Cardona.<\/font><font size=\"2\">A partir del pr\u00f3ximo mes de febrero, se estar\u00e1n iniciando los seminarios sobre el <strong>CAFTA-DR<\/strong>, con el prop\u00f3sito de educar y orientar al sector empresarial del pa\u00eds sobre las ventajas que ofrece la ratificaci\u00f3n de este acuerdo y clarificar los mitos que puedan existir en relaci\u00f3n con este tema. Esta iniciativa constar\u00e1 de siete seminarios que atender\u00e1n los aspectos de aduanas, puertos, servicios, integraci\u00f3n industrial, r\u00e9gimen sanitario y fitosanitario, arbitraje y disputas y propiedad intelectual.<\/p>\n<p>El primer seminario que ofrecer\u00e1n es el de Regulaciones y el Funcionamiento de las Aduanas bajo el CAFTA-DR, el cual se llevar\u00e1 a cabo el 9 de febrero de 2006 de 8:00am a 3:00pm en el Hotel Embassy Suites en Isla Verde.<\/p>\n<p><\/font><\/p>\n","protected":false},"excerpt":{"rendered":"<p>Los mercados de los pa\u00edses que componen la regi\u00f3n del CAFTA-DR comprenden un destino de negocio de aproximadamente $850 millones de las exportaciones de Puerto Rico. De acuerdo con el informe publicado por el Departamento de Comercio de EE.UU. sobre<span class=\"ellipsis\">&hellip;<\/span><\/p>\n<div class=\"read-more\"><a href=\"https:\/\/www.exportapymes.com\/comercio-exterior-america-esp\/cafta-dr-mercado-millonario-para-puerto-rico\/\">Leer m&aacute;s &#8250;<\/a><\/div>\n<p><!-- end of .read-more --><\/p>\n","protected":false},"author":1,"featured_media":0,"comment_status":"open","ping_status":"open","sticky":false,"template":"","format":"standard","meta":{"footnotes":""},"categories":[21],"tags":[],"class_list":["post-9","post","type-post","status-publish","format-standard","hentry","category-puerto-rico"],"_links":{"self":[{"href":"https:\/\/www.exportapymes.com\/comercio-exterior-america-esp\/wp-json\/wp\/v2\/posts\/9","targetHints":{"allow":["GET"]}}],"collection":[{"href":"https:\/\/www.exportapymes.com\/comercio-exterior-america-esp\/wp-json\/wp\/v2\/posts"}],"about":[{"href":"https:\/\/www.exportapymes.com\/comercio-exterior-america-esp\/wp-json\/wp\/v2\/types\/post"}],"author":[{"embeddable":true,"href":"https:\/\/www.exportapymes.com\/comercio-exterior-america-esp\/wp-json\/wp\/v2\/users\/1"}],"replies":[{"embeddable":true,"href":"https:\/\/www.exportapymes.com\/comercio-exterior-america-esp\/wp-json\/wp\/v2\/comments?post=9"}],"version-history":[{"count":0,"href":"https:\/\/www.exportapymes.com\/comercio-exterior-america-esp\/wp-json\/wp\/v2\/posts\/9\/revisions"}],"wp:attachment":[{"href":"https:\/\/www.exportapymes.com\/comercio-exterior-america-esp\/wp-json\/wp\/v2\/media?parent=9"}],"wp:term":[{"taxonomy":"category","embeddable":true,"href":"https:\/\/www.exportapymes.com\/comercio-exterior-america-esp\/wp-json\/wp\/v2\/categories?post=9"},{"taxonomy":"post_tag","embeddable":true,"href":"https:\/\/www.exportapymes.com\/comercio-exterior-america-esp\/wp-json\/wp\/v2\/tags?post=9"}],"curies":[{"name":"wp","href":"https:\/\/api.w.org\/{rel}","templated":true}]}}