{"id":900,"date":"2006-10-17T21:01:44","date_gmt":"2006-10-18T04:01:44","guid":{"rendered":"http:\/\/www.exportapymes.com\/comercio-exterior-america-esp\/acuerdo-del-icex-con-el-ministerio-de-agricultura-para-mejorar-la-promocion-internacional\/"},"modified":"2006-11-27T22:01:33","modified_gmt":"2006-11-28T05:01:33","slug":"acuerdo-del-icex-con-el-ministerio-de-agricultura-para-mejorar-la-promocion-internacional","status":"publish","type":"post","link":"https:\/\/www.exportapymes.com\/comercio-exterior-america-esp\/acuerdo-del-icex-con-el-ministerio-de-agricultura-para-mejorar-la-promocion-internacional\/","title":{"rendered":"Acuerdo del Icex con el Ministerio de Agricultura para mejorar la promoci\u00f3n internacional"},"content":{"rendered":"<p>&#8216;La<strong> internacionalizaci\u00f3n<\/strong> es la asignatura pendiente que el sector tiene m\u00e1s abandonada&#8217;. Con estas palabras, Elena Espinosa, ministra de Agricultura, quiso dejar clara la necesidad de mejorar la coordinaci\u00f3n entre las instituciones p\u00fablicas en el <strong>proceso de internacionalizaci\u00f3n de las empresas agroalimentarias y pesqueras espa\u00f1olas<\/strong>.<br \/>\n<img decoding=\"async\" src=\"http:\/\/www.exportapymes.com\/comercio-exterior-america-esp\/images\/ban\/spain.jpg\" \/>   Ante esta situaci\u00f3n, Espinosa adelant\u00f3 que el Ministerio firmar\u00e1 el 27 de octubre un acuerdo con el <strong>Instituto Espa\u00f1ol de Comercio Exterior (Icex)<\/strong> para la puesta en marcha de <strong>estrategias conjuntas de promoci\u00f3n y exportaci\u00f3n<\/strong> y detall\u00f3 algunos de los planes espec\u00edficos puestos en marcha para las<strong> empresas exportadoras<\/strong>, como el <strong>Plan de Medidas para el acceso a los mercados exteriores<\/strong> para ganaderos.<br \/>\n<!--more-->En su discurso, Espinosa destac\u00f3 la posici\u00f3n de liderazgo de la cocina y los cocineros espa\u00f1oles y la necesidad de que la industria sepa rentabilizar esa situaci\u00f3n de \u00e9xito, &#8216;sin limitarla al terreno medi\u00e1tico&#8217;. La ministra record\u00f3 que nuestro pa\u00eds tiene 226 alimentos registrados en la Uni\u00f3n Europea y 40 est\u00e1n en proceso de tramitaci\u00f3n. Carlos Molina. Cinco D\u00edas<\/p>\n","protected":false},"excerpt":{"rendered":"<p>&#8216;La internacionalizaci\u00f3n es la asignatura pendiente que el sector tiene m\u00e1s abandonada&#8217;. Con estas palabras, Elena Espinosa, ministra de Agricultura, quiso dejar clara la necesidad de mejorar la coordinaci\u00f3n entre las instituciones p\u00fablicas en el proceso de internacionalizaci\u00f3n de las<span class=\"ellipsis\">&hellip;<\/span><\/p>\n<div class=\"read-more\"><a href=\"https:\/\/www.exportapymes.com\/comercio-exterior-america-esp\/acuerdo-del-icex-con-el-ministerio-de-agricultura-para-mejorar-la-promocion-internacional\/\">Leer m&aacute;s &#8250;<\/a><\/div>\n<p><!-- end of .read-more --><\/p>\n","protected":false},"author":1,"featured_media":0,"comment_status":"open","ping_status":"open","sticky":false,"template":"","format":"standard","meta":{"footnotes":""},"categories":[30,22,24,35,32,37,38,25,29,27],"tags":[],"class_list":["post-900","post","type-post","status-publish","format-standard","hentry","category-comercio-exterior","category-espana","category-exportacion","category-exportador","category-exportar","category-icex","category-instituto-espanol-de-comercio-exterior","category-internacionalizacion","category-mipymes","category-pymes"],"_links":{"self":[{"href":"https:\/\/www.exportapymes.com\/comercio-exterior-america-esp\/wp-json\/wp\/v2\/posts\/900","targetHints":{"allow":["GET"]}}],"collection":[{"href":"https:\/\/www.exportapymes.com\/comercio-exterior-america-esp\/wp-json\/wp\/v2\/posts"}],"about":[{"href":"https:\/\/www.exportapymes.com\/comercio-exterior-america-esp\/wp-json\/wp\/v2\/types\/post"}],"author":[{"embeddable":true,"href":"https:\/\/www.exportapymes.com\/comercio-exterior-america-esp\/wp-json\/wp\/v2\/users\/1"}],"replies":[{"embeddable":true,"href":"https:\/\/www.exportapymes.com\/comercio-exterior-america-esp\/wp-json\/wp\/v2\/comments?post=900"}],"version-history":[{"count":0,"href":"https:\/\/www.exportapymes.com\/comercio-exterior-america-esp\/wp-json\/wp\/v2\/posts\/900\/revisions"}],"wp:attachment":[{"href":"https:\/\/www.exportapymes.com\/comercio-exterior-america-esp\/wp-json\/wp\/v2\/media?parent=900"}],"wp:term":[{"taxonomy":"category","embeddable":true,"href":"https:\/\/www.exportapymes.com\/comercio-exterior-america-esp\/wp-json\/wp\/v2\/categories?post=900"},{"taxonomy":"post_tag","embeddable":true,"href":"https:\/\/www.exportapymes.com\/comercio-exterior-america-esp\/wp-json\/wp\/v2\/tags?post=900"}],"curies":[{"name":"wp","href":"https:\/\/api.w.org\/{rel}","templated":true}]}}