{"id":947,"date":"2006-11-07T21:01:21","date_gmt":"2006-11-08T04:01:21","guid":{"rendered":"http:\/\/www.exportapymes.com\/comercio-exterior-america-esp\/la-internacionalizacion-de-la-pyme-es-un-reto-fundamental-para-la-supervivencia-de-muchas-empresas\/"},"modified":"2007-06-19T12:31:16","modified_gmt":"2007-06-19T19:31:16","slug":"la-internacionalizacion-de-la-pyme-es-un-reto-fundamental-para-la-supervivencia-de-muchas-empresas","status":"publish","type":"post","link":"https:\/\/www.exportapymes.com\/comercio-exterior-america-esp\/la-internacionalizacion-de-la-pyme-es-un-reto-fundamental-para-la-supervivencia-de-muchas-empresas\/","title":{"rendered":"La internacionalizaci\u00f3n de la PyME es un reto fundamental para la supervivencia de muchas empresas"},"content":{"rendered":"<p>El <strong>secretario de Estado de Turismo y Comercio<\/strong>, <strong>Pedro Mej\u00eda<\/strong>, ha presentado en Coslada (Madrid) el <strong>programa del ICEX \u201cAprendiendo a Exportar\u201d<\/strong>, una iniciativa que se viene celebrando en diferentes ciudades espa\u00f1olas con el objetivo de sensibilizar a las<strong> Pymes<\/strong> sobre la necesidad de <strong>salir al exterior para crecer<\/strong> y <strong>ser m\u00e1s competitivas<\/strong>.<br \/>\n<img decoding=\"async\" src=\"http:\/\/www.exportapymes.com\/comercio-exterior-america-esp\/images\/ban\/spain.jpg\" \/>   \u201c<strong>La internacionalizaci\u00f3n de la PYME constituye un reto fundamental si pretendemos asegurar la propia supervivencia de muchas empresas<\/strong>\u201d afirm\u00f3 Mej\u00eda, quien record\u00f3 adem\u00e1s que es preciso garantizar la <strong>competitividad de nuestras empresas<\/strong>, \u201ccon independencia del mercado en el que operen\u201d.<br \/>\n<!--more-->Mej\u00eda, que estuvo acompa\u00f1ado del consejero de Econom\u00eda e Innovaci\u00f3n Tecnol\u00f3gica de la Comunidad de Madrid, Fernando Merry del Val, y del vicepresidente de la C\u00e1mara de Comercio e Industria de Madrid, hizo un balance muy positivo de las \u201c<strong>Jornadas Aprendiendo a Exportar<\/strong>\u201d que se han celebrado hasta ahora y en las que han participado 4.190 empresas, 400 de las cuales se han apuntado ya al programa.<\/p>\n<p>El secretario de Estado de Turismo y Comercio consider\u00f3 de trascendental importancia incrementar la base exportadora de nuestro pa\u00eds ya que, seg\u00fan explic\u00f3, \u201cde las m\u00e1s de 3 millones de empresas que existen en Espa\u00f1a, poco m\u00e1s de <strong>35.000 exportan regularmente<\/strong>\u201d, motivo por el cual Mej\u00eda apost\u00f3 por redundar los esfuerzos hacia una<strong> mayor competitvidad de la PYME en los mercados internacionales<\/strong>.<\/p>\n<p>\u201c<strong>Aprendiendo a Exportar<\/strong>\u201d esta dotado con un presupuesto de 5 millones de euros hasta final de 2006 y representa una de las principales medidas incluidas en el Plan de Dinamizaci\u00f3n de la Econom\u00eda aprobado por el Gobierno para <strong>fomentar la internacionalizaci\u00f3n de las empresas<\/strong>.<\/p>\n<p>De este modo, y aunque est\u00e1 planteado como un programa de \u00e1mbito nacional, presenta un enfoque claramente regional, poni\u00e9ndose en marcha hoy en la Comunidad de Madrid. As\u00ed, en la jornada celebrada  esta tarde en Coslada, las empresas recibir\u00e1n asesoramiento personalizado a trav\u00e9s de entrevistas con expertos en diversas materias relacionadas con la competitividad de la Pyme: nuevas tecnolog\u00edas y web, innovaci\u00f3n y dise\u00f1o, comunicaci\u00f3n y marca, financiaci\u00f3n y cobros, contratos y tr\u00e1mites y apoyos existentes para la Pyme.<\/p>\n<p>Tambi\u00e9n encontrar\u00e1n informaci\u00f3n interactiva sobre los 10 primeros pasos del exportador, y podr\u00e1n asistir a un encuentro empresarial presentado por Carlos Barrab\u00e9s, consejero delegado de Barrab\u00e9s Internet, en el que tres empresas madrile\u00f1as, El Gourmet Navarro, Nikai y Lyssolen, con \u00e9xito en los mercados exteriores, contar\u00e1n sus experiencias.<\/p>\n<p><strong>\u201cAprendiendo a Exportar\u201d<\/strong> incluye un <strong>Programa de apoyo a las Pymes<\/strong>, con una duraci\u00f3n de un a\u00f1o, para ayudarlas a ser m\u00e1s competitivas en el exterior, prest\u00e1ndole todo el asesoramiento y el apoyo necesario en temas como nuevas tecnolog\u00edas, comunicaci\u00f3n y marca, innovaci\u00f3n y dise\u00f1o, fiscalidad, financiaci\u00f3n, etc.<\/p>\n<p>Adem\u00e1s con la aplicaci\u00f3n de este programa, se estima que 1.200 empresas se incorporen a diferentes <strong>programas de iniciaci\u00f3n a la exportaci\u00f3n<\/strong> y que m\u00e1s de 800 lo hagan al <strong>Programa de Iniciaci\u00f3n a la Promoci\u00f3n Exterior (PIPE)<\/strong>, programa de reconocido<strong> \u00e9xito en la internacionalizaci\u00f3n de las Pymes<\/strong>.<\/p>\n<p>Para el desarrollo del programa &#8220;<strong>Aprendiendo a Exportar<\/strong>&#8220;, el ICEX ha dise\u00f1ado varios servicios y productos espec\u00edficos. Entre ellos merece una atenci\u00f3n especial la <strong>L\u00ednea de Financiaci\u00f3n &#8220;Aprendiendo a Exportar ICEX-ICO<\/strong> 2006&#8243;, que financia todos los gastos necesarios para iniciarse en el exterior, hasta 100.000 euros por empresa, al 0% de inter\u00e9s.<\/p>\n<p>Adem\u00e1s, cabe destacar el convenio de colaboraci\u00f3n firmado entre<strong> ICEX, CESCE y Banesto<\/strong> para la puesta en marcha de una l\u00ednea de <strong>aseguramiento de cobro de las exportaciones<\/strong> hasta 100.000 euros que realicen las empresas que participen en el programa durante el primer a\u00f1o y con un coste cero para la empresa. Cibersur.com<\/p>\n","protected":false},"excerpt":{"rendered":"<p>El secretario de Estado de Turismo y Comercio, Pedro Mej\u00eda, ha presentado en Coslada (Madrid) el programa del ICEX \u201cAprendiendo a Exportar\u201d, una iniciativa que se viene celebrando en diferentes ciudades espa\u00f1olas con el objetivo de sensibilizar a las Pymes<span class=\"ellipsis\">&hellip;<\/span><\/p>\n<div class=\"read-more\"><a href=\"https:\/\/www.exportapymes.com\/comercio-exterior-america-esp\/la-internacionalizacion-de-la-pyme-es-un-reto-fundamental-para-la-supervivencia-de-muchas-empresas\/\">Leer m&aacute;s &#8250;<\/a><\/div>\n<p><!-- end of .read-more --><\/p>\n","protected":false},"author":1,"featured_media":0,"comment_status":"open","ping_status":"open","sticky":false,"template":"","format":"standard","meta":{"footnotes":""},"categories":[64,30,22,24,35,32,37,38,25,29,27,34,33],"tags":[],"class_list":["post-947","post","type-post","status-publish","format-standard","hentry","category-aprendiendo-a-exportar","category-comercio-exterior","category-espana","category-exportacion","category-exportador","category-exportar","category-icex","category-instituto-espanol-de-comercio-exterior","category-internacionalizacion","category-mipymes","category-pymes","category-vender","category-venta"],"_links":{"self":[{"href":"https:\/\/www.exportapymes.com\/comercio-exterior-america-esp\/wp-json\/wp\/v2\/posts\/947","targetHints":{"allow":["GET"]}}],"collection":[{"href":"https:\/\/www.exportapymes.com\/comercio-exterior-america-esp\/wp-json\/wp\/v2\/posts"}],"about":[{"href":"https:\/\/www.exportapymes.com\/comercio-exterior-america-esp\/wp-json\/wp\/v2\/types\/post"}],"author":[{"embeddable":true,"href":"https:\/\/www.exportapymes.com\/comercio-exterior-america-esp\/wp-json\/wp\/v2\/users\/1"}],"replies":[{"embeddable":true,"href":"https:\/\/www.exportapymes.com\/comercio-exterior-america-esp\/wp-json\/wp\/v2\/comments?post=947"}],"version-history":[{"count":0,"href":"https:\/\/www.exportapymes.com\/comercio-exterior-america-esp\/wp-json\/wp\/v2\/posts\/947\/revisions"}],"wp:attachment":[{"href":"https:\/\/www.exportapymes.com\/comercio-exterior-america-esp\/wp-json\/wp\/v2\/media?parent=947"}],"wp:term":[{"taxonomy":"category","embeddable":true,"href":"https:\/\/www.exportapymes.com\/comercio-exterior-america-esp\/wp-json\/wp\/v2\/categories?post=947"},{"taxonomy":"post_tag","embeddable":true,"href":"https:\/\/www.exportapymes.com\/comercio-exterior-america-esp\/wp-json\/wp\/v2\/tags?post=947"}],"curies":[{"name":"wp","href":"https:\/\/api.w.org\/{rel}","templated":true}]}}