{"id":955,"date":"2006-11-08T11:20:29","date_gmt":"2006-11-08T18:20:29","guid":{"rendered":"http:\/\/www.exportapymes.com\/comercio-exterior-america-esp\/seminario-de-oportunidades-comerciales-con-espana\/"},"modified":"2006-11-08T11:20:29","modified_gmt":"2006-11-08T18:20:29","slug":"seminario-de-oportunidades-comerciales-con-espana","status":"publish","type":"post","link":"https:\/\/www.exportapymes.com\/comercio-exterior-america-esp\/seminario-de-oportunidades-comerciales-con-espana\/","title":{"rendered":"Seminario de Oportunidades Comerciales con Espa\u00f1a"},"content":{"rendered":"<p><strong>Quito, mi\u00e9rcoles 15 y Guayaquil jueves 16 noviembre.<\/strong><br \/>\nOrganiza la <strong>Corporaci\u00f3n de Promoci\u00f3n de Exportaciones e Inversiones (Corpei)<\/strong><br \/>\nEl mercado de la Uni\u00f3n Europea es sin duda, una de las prioridades para el <strong>sector exportador ecuatoriano<\/strong> debido a su tama\u00f1o, dinamismo y capacidad de compra. Dentro de este din\u00e1mico mercado, Espa\u00f1a mantiene una importancia ya que constituye un mercado apreciable de 44 millones de habitantes con una renta media de 19 mil d\u00f3lares anuales.<br \/>\n<img decoding=\"async\" src=\"http:\/\/www.exportapymes.com\/comercio-exterior-america-esp\/images\/ban\/ecuador.jpg\" \/>   La configuraci\u00f3n de un gran mercado de consumidores latinoamericanos en particular de un mercado conformado por el colectivo de compatriotas, ahora constituidos en la primera colonia extranjera en territorio espa\u00f1ol, debe ser vista como un gran incentivo para empresarios y emprendedores.<br \/>\n<!--more-->Por esta raz\u00f3n la <strong>Corporaci\u00f3n de Promoci\u00f3n de Exportaciones e Inversiones (Corpei)<\/strong> lo invita a participar en el <strong>Seminario de Oportunidades Comerciales con Espa\u00f1a<\/strong> que se realizar\u00e1 en las ciudades de Quito y Guayaquil los d\u00edas mi\u00e9rcoles 15 y jueves 16 noviembre respectivamente.<\/p>\n<p>Esta invitaci\u00f3n est\u00e1 dirigida a todos los sectores productivos del pa\u00eds que est\u00e9n interesados en ingresar al mercado espa\u00f1ol y perfilar provechosas <strong>oportunidades de negocios<\/strong>.<\/p>\n<p>El evento contar\u00e1 con informaci\u00f3n de primera mano otorgada por el Director de la Oficina Comercial de la Corpei en Espa\u00f1a, Carlos Larrea D\u00e1vila y Jes\u00fas Albizu Soriano, Director Socio y fundador de Albizu, Vidal y Ur\u00eda , S.L. (AVU); Red de B\u00fasquedas de Informaci\u00f3n Internacional, S.L. (Redbus) y Consultores y Asociados Centroamericanos (Conacen).<\/p>\n<p>Los temas a tratarse en el seminario ser\u00e1n: ficha pa\u00eds de Espa\u00f1a, h\u00e1bitos del consumidor espa\u00f1ol, relaciones Ecuador-Espa\u00f1a, requisitos y condiciones par el <strong>ingreso de productos al mercado espa\u00f1ol<\/strong>, sectores y productos con oportunidades. Al igual, se contar\u00e1 con la opini\u00f3n experta sobre asuntos puntuales, que podr\u00e1n ser discutidos en el espacio destinado a preguntas y respuestas al final de evento.<\/p>\n<p>El costo por persona por seminario es de USD 15,00 que incluye la carpeta de informaci\u00f3n , el coffee break y la posibilidad de tener una reuni\u00f3n (precia cita) en la tarde del mismo d\u00eda con los expositores (debido a que estos cupos son limitados la Corpei conformar\u00e1 las citas de acuerdo al orden de inscripci\u00f3n).<\/p>\n<p>Si est\u00e1 interesado en participar, por favor llene el formulario adjunto y env\u00edelo al correo electr\u00f3nico: <a href=\"mailto:feriasymisiones@corpei.org.ec\">feriasymisiones@corpei.org.ec<\/a> o al fax: (593-4) 268 1550 (Guayaquil); (593-2) 246- 0607 (Quito).<\/p>\n<p>Es necesario insistir que para Corpei es de gran importancia contar con su valiosa presencia a este evento, por lo que desde ya le anticipamos nuestro agradecimiento por su asistencia y permanecemos a la espera de su confirmaci\u00f3n.<\/p>\n<p><a href=\"http:\/\/www.corpei.org\/data\/docs\/Formulario_de_Inscripcion_a_Seminario_Guayaquil.doc\" target=\"_blank\">Formulario de inscripci\u00f3n<\/a><\/p>\n","protected":false},"excerpt":{"rendered":"<p>Quito, mi\u00e9rcoles 15 y Guayaquil jueves 16 noviembre. Organiza la Corporaci\u00f3n de Promoci\u00f3n de Exportaciones e Inversiones (Corpei) El mercado de la Uni\u00f3n Europea es sin duda, una de las prioridades para el sector exportador ecuatoriano debido a su tama\u00f1o,<span class=\"ellipsis\">&hellip;<\/span><\/p>\n<div class=\"read-more\"><a href=\"https:\/\/www.exportapymes.com\/comercio-exterior-america-esp\/seminario-de-oportunidades-comerciales-con-espana\/\">Leer m&aacute;s &#8250;<\/a><\/div>\n<p><!-- end of .read-more --><\/p>\n","protected":false},"author":1,"featured_media":0,"comment_status":"open","ping_status":"open","sticky":false,"template":"","format":"standard","meta":{"footnotes":""},"categories":[30,8,22,24,35,32,26,25,29,27,1,34,33],"tags":[],"class_list":["post-955","post","type-post","status-publish","format-standard","hentry","category-comercio-exterior","category-ecuador","category-espana","category-exportacion","category-exportador","category-exportar","category-importacion","category-internacionalizacion","category-mipymes","category-pymes","category-uncategorized","category-vender","category-venta"],"_links":{"self":[{"href":"https:\/\/www.exportapymes.com\/comercio-exterior-america-esp\/wp-json\/wp\/v2\/posts\/955","targetHints":{"allow":["GET"]}}],"collection":[{"href":"https:\/\/www.exportapymes.com\/comercio-exterior-america-esp\/wp-json\/wp\/v2\/posts"}],"about":[{"href":"https:\/\/www.exportapymes.com\/comercio-exterior-america-esp\/wp-json\/wp\/v2\/types\/post"}],"author":[{"embeddable":true,"href":"https:\/\/www.exportapymes.com\/comercio-exterior-america-esp\/wp-json\/wp\/v2\/users\/1"}],"replies":[{"embeddable":true,"href":"https:\/\/www.exportapymes.com\/comercio-exterior-america-esp\/wp-json\/wp\/v2\/comments?post=955"}],"version-history":[{"count":0,"href":"https:\/\/www.exportapymes.com\/comercio-exterior-america-esp\/wp-json\/wp\/v2\/posts\/955\/revisions"}],"wp:attachment":[{"href":"https:\/\/www.exportapymes.com\/comercio-exterior-america-esp\/wp-json\/wp\/v2\/media?parent=955"}],"wp:term":[{"taxonomy":"category","embeddable":true,"href":"https:\/\/www.exportapymes.com\/comercio-exterior-america-esp\/wp-json\/wp\/v2\/categories?post=955"},{"taxonomy":"post_tag","embeddable":true,"href":"https:\/\/www.exportapymes.com\/comercio-exterior-america-esp\/wp-json\/wp\/v2\/tags?post=955"}],"curies":[{"name":"wp","href":"https:\/\/api.w.org\/{rel}","templated":true}]}}