{"id":992,"date":"2006-11-20T20:49:38","date_gmt":"2006-11-21T03:49:38","guid":{"rendered":"http:\/\/www.exportapymes.com\/comercio-exterior-america-esp\/animan-a-la-internacionalizacion-del-sector-distribuidor-espanol\/"},"modified":"2006-11-20T20:49:38","modified_gmt":"2006-11-21T03:49:38","slug":"animan-a-la-internacionalizacion-del-sector-distribuidor-espanol","status":"publish","type":"post","link":"https:\/\/www.exportapymes.com\/comercio-exterior-america-esp\/animan-a-la-internacionalizacion-del-sector-distribuidor-espanol\/","title":{"rendered":"Animan a la internacionalizaci\u00f3n del sector distribuidor espa\u00f1ol"},"content":{"rendered":"<p>El <strong>secretario de Estado de Turismo y Comercio, Pedro Mej\u00eda<\/strong>, anim\u00f3 hoy a la<strong> empresa espa\u00f1ola<\/strong>, en general, y a la <strong>distribuci\u00f3n comercial<\/strong>, en particular, a<strong> salir al exterior<\/strong> con proyectos de maximizaci\u00f3n de la actividad y eficiencia empresarial.<br \/>\n<img decoding=\"async\" src=\"http:\/\/www.exportapymes.com\/comercio-exterior-america-esp\/images\/ban\/spain.jpg\" \/>   Mej\u00eda, quien realiz\u00f3 estas declaraciones durante la presentaci\u00f3n de la <strong>&#8216;VI Jornada Nacional de Pymes Carrefour&#8217;<\/strong> celebrada hoy en Madrid, explic\u00f3 que la <strong>internacionalizaci\u00f3n del sector distribuidor<\/strong> es &#8216;sumamente positiva para las<strong> peque\u00f1as y medianas empresas (pymes) alimentarias espa\u00f1olas&#8217;<\/strong>.<br \/>\n<!--more-->Hizo alusi\u00f3n al estudio <strong>&#8216;Diagn\u00f3stico del potencial de internacionalizaci\u00f3n de la distribuci\u00f3n alimentaria espa\u00f1ola&#8217;<\/strong>, realizado por la Asociaci\u00f3n Espa\u00f1ola de Distribuidores, Autoservicios y Supermercados (Asedas) y el <strong>Instituto de Comercio Exterior (ICEX)<\/strong>, que eval\u00faa el potencial del <strong>sector distribuidor<\/strong>.<\/p>\n<p>As\u00ed, detall\u00f3 que este informe potencia la <strong>internacionalizaci\u00f3n de la industria distribuidora espa\u00f1ola<\/strong> y analiza las posibilidades de insertar negocios en cerca de 24 pa\u00edses, entre los que destacan la India, Rusia, China, Turqu\u00eda e Italia, por su entorno econ\u00f3mico, la proximidad a Espa\u00f1a y su potencial crecimiento.<\/p>\n<p>Entre los m\u00e1s cercanos, resalt\u00f3 el potencial de Italia, Portugal, Rusia, Francia, Turqu\u00eda o Marruecos e inst\u00f3 a la <strong>empresa espa\u00f1ola<\/strong> a que cuente con planes espec\u00edficos de <strong>desarrollo de mercado<\/strong>.<\/p>\n<p>Record\u00f3 que, de los m\u00e1s de tres millones de <strong>empresas espa\u00f1olas<\/strong>, s\u00f3lo 35.000 <strong>exportan sus productos<\/strong>, y apunt\u00f3 que las <strong>grandes empresas alimentarias espa\u00f1olas<\/strong> est\u00e1n centradas en el mercado nacional, de forma que el nivel de internacionalizaci\u00f3n no est\u00e1 acorde con el desarrollo, la econom\u00eda y la proyecci\u00f3n.<\/p>\n<p>Por ello, elogi\u00f3 el &#8216;claro ejemplo de Carrefour&#8217; que combina la producci\u00f3n y la eficiencia para competir en el extranjero y apoya a los fabricantes tambi\u00e9n mediante <strong>actividades exportadoras<\/strong>.<\/p>\n<p>Por su parte, el presidente de Carrefour en Espa\u00f1a, Rafael Arias-Salgado, se\u00f1al\u00f3 que recientemente la empresa ha llevado a cabo la &#8216;II Feria de Productos Espa\u00f1oles en Polonia&#8217;, que &#8216;ha tenido una muy buena acogida&#8217;, por lo que preparan la tercera edici\u00f3n para el a\u00f1o 2007.<\/p>\n<p>Asimismo, detall\u00f3 que el pr\u00f3ximo a\u00f1o Carrefour celebrar\u00e1 dos ferias de productos espa\u00f1oles m\u00e1s, una de ellas en Italia, cuyos art\u00edculos no han sido a\u00fan seleccionados, y otra en B\u00e9lgica, fundamentalmente de vinos, donde las bodegas medias espa\u00f1olas podr\u00e1n competir mejor frente a los vinos chilenos y argentinos, muy introducidos en las cadenas de restaurantes de la Uni\u00f3n Europea.<\/p>\n<p>Se\u00f1al\u00f3 que la red de establecimientos con los que cuenta el grupo en B\u00e9lgica e Italia es &#8216;muy din\u00e1mica comercialmente&#8217;, por lo que se mostr\u00f3 &#8216;muy proclive a este tipo de actividad&#8217;, con el fin de determinar el modelo a seguir y extrapolarlo al resto de los pa\u00edses europeos en los que la compa\u00f1\u00eda est\u00e1 presente.<\/p>\n<p>Carrefour comercializa los productos de 12.400 empresas espa\u00f1olas de distintos sectores, mayoritariamente peque\u00f1as y medianas de \u00e1mbito regional y local, cuyas ventas suponen el diez por ciento de la facturaci\u00f3n anual de la compa\u00f1\u00eda.<\/p>\n<p>Hizo referencia a la filial de Carrefour Socomo, que es la primera empresa comercializadora de frutas y verduras dentro de Espa\u00f1a, con 531 millones de kilos anuales, y la segunda exportadora a la Uni\u00f3n Europea, a trav\u00e9s de los establecimientos del Grupo Carrefour.<\/p>\n<p>Esta<strong> IV Jornada Nacional de Pymes Carrefour<\/strong> clausur\u00f3 el programa de promoci\u00f3n desarrollado en 2006 en 147 hipermercados de las 16 comunidades aut\u00f3nomas en las que la compa\u00f1\u00eda est\u00e1 presente, donde han participado 1.851 pymes espa\u00f1olas con 7.563 productos. EFE<\/p>\n","protected":false},"excerpt":{"rendered":"<p>El secretario de Estado de Turismo y Comercio, Pedro Mej\u00eda, anim\u00f3 hoy a la empresa espa\u00f1ola, en general, y a la distribuci\u00f3n comercial, en particular, a salir al exterior con proyectos de maximizaci\u00f3n de la actividad y eficiencia empresarial. Mej\u00eda,<span class=\"ellipsis\">&hellip;<\/span><\/p>\n<div class=\"read-more\"><a href=\"https:\/\/www.exportapymes.com\/comercio-exterior-america-esp\/animan-a-la-internacionalizacion-del-sector-distribuidor-espanol\/\">Leer m&aacute;s &#8250;<\/a><\/div>\n<p><!-- end of .read-more --><\/p>\n","protected":false},"author":1,"featured_media":0,"comment_status":"open","ping_status":"open","sticky":false,"template":"","format":"standard","meta":{"footnotes":""},"categories":[30,22,24,35,32,37,38,25,29,27,34],"tags":[],"class_list":["post-992","post","type-post","status-publish","format-standard","hentry","category-comercio-exterior","category-espana","category-exportacion","category-exportador","category-exportar","category-icex","category-instituto-espanol-de-comercio-exterior","category-internacionalizacion","category-mipymes","category-pymes","category-vender"],"_links":{"self":[{"href":"https:\/\/www.exportapymes.com\/comercio-exterior-america-esp\/wp-json\/wp\/v2\/posts\/992","targetHints":{"allow":["GET"]}}],"collection":[{"href":"https:\/\/www.exportapymes.com\/comercio-exterior-america-esp\/wp-json\/wp\/v2\/posts"}],"about":[{"href":"https:\/\/www.exportapymes.com\/comercio-exterior-america-esp\/wp-json\/wp\/v2\/types\/post"}],"author":[{"embeddable":true,"href":"https:\/\/www.exportapymes.com\/comercio-exterior-america-esp\/wp-json\/wp\/v2\/users\/1"}],"replies":[{"embeddable":true,"href":"https:\/\/www.exportapymes.com\/comercio-exterior-america-esp\/wp-json\/wp\/v2\/comments?post=992"}],"version-history":[{"count":0,"href":"https:\/\/www.exportapymes.com\/comercio-exterior-america-esp\/wp-json\/wp\/v2\/posts\/992\/revisions"}],"wp:attachment":[{"href":"https:\/\/www.exportapymes.com\/comercio-exterior-america-esp\/wp-json\/wp\/v2\/media?parent=992"}],"wp:term":[{"taxonomy":"category","embeddable":true,"href":"https:\/\/www.exportapymes.com\/comercio-exterior-america-esp\/wp-json\/wp\/v2\/categories?post=992"},{"taxonomy":"post_tag","embeddable":true,"href":"https:\/\/www.exportapymes.com\/comercio-exterior-america-esp\/wp-json\/wp\/v2\/tags?post=992"}],"curies":[{"name":"wp","href":"https:\/\/api.w.org\/{rel}","templated":true}]}}