{"id":997,"date":"2006-12-04T21:05:34","date_gmt":"2006-12-05T04:05:34","guid":{"rendered":"http:\/\/www.exportapymes.com\/comercio-exterior-america-esp\/premio-a-la-internacionalizacion-en-cadiz\/"},"modified":"2006-12-04T21:05:34","modified_gmt":"2006-12-05T04:05:34","slug":"premio-a-la-internacionalizacion-en-cadiz","status":"publish","type":"post","link":"https:\/\/www.exportapymes.com\/comercio-exterior-america-esp\/premio-a-la-internacionalizacion-en-cadiz\/","title":{"rendered":"Premio a la Internacionalizaci\u00f3n en C\u00e1diz"},"content":{"rendered":"<p>El<strong> Jurado Provincial de C\u00e1diz de los Premios Alas<\/strong> ha designado hoy como ganadoras en la provincia a <strong>Emilio Lustau<\/strong> en la categor\u00eda de <strong>Empresa Exportadora<\/strong>, a <strong>Herpasur <\/strong>en la de <strong>Nueva Exportaci\u00f3n<\/strong> y a <strong>Grupo Osborne<\/strong> en la modalidad de <strong>Implantaci\u00f3n Internacional<\/strong>.<br \/>\n<img decoding=\"async\" src=\"http:\/\/www.exportapymes.com\/comercio-exterior-america-esp\/images\/ban\/spain.jpg\" \/>   Las tres firmas competir\u00e1n con las galardonadas en el resto de provincias andaluzas en la fase final de estos Premios concedidos por la Consejer\u00eda de Turismo, Comercio y Deporte que se fallar\u00e1n en enero de 2007 y se entregar\u00e1n en una gala en reconocimiento de las empresas.<br \/>\n<!--more-->Emilio Lustau, bodega jerezana especializada en la elaboraci\u00f3n y comercializaci\u00f3n de vinos de Jerez de alta gama, adem\u00e1s de brandy y vinagre de Jerez, ha sido reconocida en la categor\u00eda de <strong>Empresa Exportadora<\/strong> por sus s\u00f3lidas ventas internacionales, que alcanzan el 80% de su facturaci\u00f3n total, y se destinan a mercados tan competitivos como Estados Unidos, Reino Unido y Alemania.<\/p>\n<p>La categor\u00eda de <strong>Nueva Exportaci\u00f3n<\/strong> premia la brillantez en la iniciaci\u00f3n de la <strong>actividad exportadora<\/strong>. Herpasur, fabricante de dep\u00f3sitos de acero inoxidable de Jerez de la Frontera, ha merecido el galard\u00f3n por la evoluci\u00f3n en los \u00faltimos a\u00f1os de sus <strong>ventas exteriores<\/strong> principalmente dirigidas al norte de \u00c1frica y Oriente Medio.<\/p>\n<p>Osborne, grupo empresarial fabricante y distribuidor de vinos, bebidas espirituosas, derivados del cerdo ib\u00e9rico, zumos y bebidas energ\u00e9ticas con sede en El Puerto de Santa Mar\u00eda, ha sido designado en la modalidad de <strong>Implantaci\u00f3n Internacional<\/strong> por su presencia en Estados Unidos, M\u00e9xico, Brasil y Holanda, con una de las marcas espa\u00f1olas m\u00e1s reconocidas internacionalmente.<\/p>\n<p>Bajo la presidencia de el delegado de la Consejer\u00eda en C\u00e1diz, Domingo S\u00e1nchez Rizo, el jurado est\u00e1 integrado por representantes de las principales instituciones del marco econ\u00f3mico de la provincia, como la Diputaci\u00f3n Provincial y la Agencia de Innovaci\u00f3n y Desarrollo de Andaluc\u00eda, por la representaci\u00f3n de los empresarios a trav\u00e9s de la Confederaci\u00f3n de Empresarios y las C\u00e1maras de Comercio de C\u00e1diz, Campo de Gibraltar y Jerez, por un empresario destacado y uno de los principales medios de comunicaci\u00f3n, as\u00ed como por la<strong> Agencia Andaluza de Promoci\u00f3n Exterior (Extenda)<\/strong>, en su calidad de organizadora de los Premios.<\/p>\n<p>Los <strong>Premios Alas<\/strong> son galardones otorgados por la Junta de Andaluc\u00eda para reconocer el esfuerzo de <strong>internacionalizaci\u00f3n de las empresas andaluzas<\/strong>. En su sexta edici\u00f3n, los Premios se han consolidado como un instrumento movilizador del tejido empresarial andaluz con el fin de propiciar una mayor propensi\u00f3n exportadora del mismo, cumpliendo as\u00ed uno de los objetivos marcados por el <strong>Plan Estrat\u00e9gico de Internacionalizaci\u00f3n de la Econom\u00eda Andaluza 2003-2006 del Gobierno andaluz<\/strong>. La Voz<\/p>\n","protected":false},"excerpt":{"rendered":"<p>El Jurado Provincial de C\u00e1diz de los Premios Alas ha designado hoy como ganadoras en la provincia a Emilio Lustau en la categor\u00eda de Empresa Exportadora, a Herpasur en la de Nueva Exportaci\u00f3n y a Grupo Osborne en la modalidad<span class=\"ellipsis\">&hellip;<\/span><\/p>\n<div class=\"read-more\"><a href=\"https:\/\/www.exportapymes.com\/comercio-exterior-america-esp\/premio-a-la-internacionalizacion-en-cadiz\/\">Leer m&aacute;s &#8250;<\/a><\/div>\n<p><!-- end of .read-more --><\/p>\n","protected":false},"author":1,"featured_media":0,"comment_status":"open","ping_status":"open","sticky":false,"template":"","format":"standard","meta":{"footnotes":""},"categories":[22,24,35,32,25,27],"tags":[],"class_list":["post-997","post","type-post","status-publish","format-standard","hentry","category-espana","category-exportacion","category-exportador","category-exportar","category-internacionalizacion","category-pymes"],"_links":{"self":[{"href":"https:\/\/www.exportapymes.com\/comercio-exterior-america-esp\/wp-json\/wp\/v2\/posts\/997","targetHints":{"allow":["GET"]}}],"collection":[{"href":"https:\/\/www.exportapymes.com\/comercio-exterior-america-esp\/wp-json\/wp\/v2\/posts"}],"about":[{"href":"https:\/\/www.exportapymes.com\/comercio-exterior-america-esp\/wp-json\/wp\/v2\/types\/post"}],"author":[{"embeddable":true,"href":"https:\/\/www.exportapymes.com\/comercio-exterior-america-esp\/wp-json\/wp\/v2\/users\/1"}],"replies":[{"embeddable":true,"href":"https:\/\/www.exportapymes.com\/comercio-exterior-america-esp\/wp-json\/wp\/v2\/comments?post=997"}],"version-history":[{"count":0,"href":"https:\/\/www.exportapymes.com\/comercio-exterior-america-esp\/wp-json\/wp\/v2\/posts\/997\/revisions"}],"wp:attachment":[{"href":"https:\/\/www.exportapymes.com\/comercio-exterior-america-esp\/wp-json\/wp\/v2\/media?parent=997"}],"wp:term":[{"taxonomy":"category","embeddable":true,"href":"https:\/\/www.exportapymes.com\/comercio-exterior-america-esp\/wp-json\/wp\/v2\/categories?post=997"},{"taxonomy":"post_tag","embeddable":true,"href":"https:\/\/www.exportapymes.com\/comercio-exterior-america-esp\/wp-json\/wp\/v2\/tags?post=997"}],"curies":[{"name":"wp","href":"https:\/\/api.w.org\/{rel}","templated":true}]}}