{"id":2007,"date":"2009-04-07T21:33:47","date_gmt":"2009-04-08T04:33:47","guid":{"rendered":"http:\/\/www.exportapymes.com\/oportunidades-comerciales\/?p=2007"},"modified":"2009-04-07T21:33:47","modified_gmt":"2009-04-08T04:33:47","slug":"manzanas-y-frutas-exoticas-argelia","status":"publish","type":"post","link":"https:\/\/www.exportapymes.com\/oportunidades-comerciales\/manzanas-y-frutas-exoticas-argelia\/","title":{"rendered":"Manzanas y frutas ex\u00f3ticas &#8211; Argelia"},"content":{"rendered":"<p><!--more--><br \/>\nImportador: GRUPO CEVITAL SPA  <\/p>\n<p> Pa\u00eds: Argelia  <\/p>\n<p> Fecha de Recepci\u00f3n: 04\/04\/2009  <\/p>\n<p> Fecha de Vigencia: 20\/04\/2009  <\/p>\n<p>PERSONA DE CONTACTO  : BENSAID Cherif : Gerente de Importaci\u00f3n<\/p>\n<p> E-mail: cherif.bensaid@cevital.com<\/p>\n<p> Domicilio: Ilot D N\u00b0 6 Zhun Garidi II  <\/p>\n<p> Localidad: Kouba, Alger  <\/p>\n<p> C\u00f3digo Postal: 16000  <\/p>\n<p> Pa\u00eds: Argelia  <\/p>\n<p> Tel\u00e9fono: (213)  772 &#8211; 32 93 97 <\/p>\n<p> Fax: (213)  21 &#8211; 56 38 95 <\/p>\n<p> E-mail: cherif.bensaid@cevital.com  <\/p>\n<p> P\u00e1gina Web: www.cevital.com  <\/p>\n<p>POSICIONES ARANCELARIAS<br \/>\n08&#8212;-  FRUTOS COMESTIBLES; CORTEZAS DE CITRUS (AGRIOS) O DE MELONES.<\/p>\n<p> Forma de Pago: carta de cr\u00e9dito  <\/p>\n<p>Comercio con Argentina: S\u00ed  <\/p>\n<p> Observaciones : Sr Cherif Bensaid del Grupo Cevital (filial Numidis) tom\u00f3 contacto con esta SECON para manifestar inter\u00e9s en la compra de manzanas de todas las variedades y frutas ex\u00f3ticas de la Argentina. Cevital es la empresa privada n\u00famero uno de Argelia. Coordenadas para contacto: cherif.bensaid@cevital.com Tel: 213 772 32 93 97 Fax 213 21 56 38 95 Ha solicitado un contacto inmediato. CEVITAL es un grupo familiar (familia Rebrab) que constituye la empresa privada n\u00famero uno en Argelia. Su especialidad es el rubro de agroalimentos. Tiene refiner\u00eda de aceites y de az\u00facar en Bejaia. Importa regularmente de la Argentina aceite de soja y girasol. Su Presidente Isaad Rebrab fue a la Argentina, invitado por Fundaci\u00f3n Exportar a finales de los 90&#8217;s <\/p>\n<p>Argentina Trade Net<\/p>\n","protected":false},"excerpt":{"rendered":"","protected":false},"author":1,"featured_media":0,"comment_status":"open","ping_status":"open","sticky":false,"template":"","format":"standard","meta":{"footnotes":""},"categories":[52,43,45,11,46],"tags":[],"class_list":["post-2007","post","type-post","status-publish","format-standard","hentry","category-comprador","category-exportacion","category-exportar","category-frutas-y-verduras","category-importar"],"_links":{"self":[{"href":"https:\/\/www.exportapymes.com\/oportunidades-comerciales\/wp-json\/wp\/v2\/posts\/2007","targetHints":{"allow":["GET"]}}],"collection":[{"href":"https:\/\/www.exportapymes.com\/oportunidades-comerciales\/wp-json\/wp\/v2\/posts"}],"about":[{"href":"https:\/\/www.exportapymes.com\/oportunidades-comerciales\/wp-json\/wp\/v2\/types\/post"}],"author":[{"embeddable":true,"href":"https:\/\/www.exportapymes.com\/oportunidades-comerciales\/wp-json\/wp\/v2\/users\/1"}],"replies":[{"embeddable":true,"href":"https:\/\/www.exportapymes.com\/oportunidades-comerciales\/wp-json\/wp\/v2\/comments?post=2007"}],"version-history":[{"count":1,"href":"https:\/\/www.exportapymes.com\/oportunidades-comerciales\/wp-json\/wp\/v2\/posts\/2007\/revisions"}],"predecessor-version":[{"id":2008,"href":"https:\/\/www.exportapymes.com\/oportunidades-comerciales\/wp-json\/wp\/v2\/posts\/2007\/revisions\/2008"}],"wp:attachment":[{"href":"https:\/\/www.exportapymes.com\/oportunidades-comerciales\/wp-json\/wp\/v2\/media?parent=2007"}],"wp:term":[{"taxonomy":"category","embeddable":true,"href":"https:\/\/www.exportapymes.com\/oportunidades-comerciales\/wp-json\/wp\/v2\/categories?post=2007"},{"taxonomy":"post_tag","embeddable":true,"href":"https:\/\/www.exportapymes.com\/oportunidades-comerciales\/wp-json\/wp\/v2\/tags?post=2007"}],"curies":[{"name":"wp","href":"https:\/\/api.w.org\/{rel}","templated":true}]}}