{"id":2038,"date":"2009-05-07T11:16:01","date_gmt":"2009-05-07T18:16:01","guid":{"rendered":"http:\/\/www.exportapymes.com\/oportunidades-comerciales\/?p=2038"},"modified":"2009-05-07T11:16:01","modified_gmt":"2009-05-07T18:16:01","slug":"mani-confiteria-alemania","status":"publish","type":"post","link":"https:\/\/www.exportapymes.com\/oportunidades-comerciales\/mani-confiteria-alemania\/","title":{"rendered":"Man\u00ed confiter\u00eda &#8211; Alemania"},"content":{"rendered":"<p><!--more--><br \/>\nImportador: Reforma Werk &#8211; Andreas Stellisch GmbH  <\/p>\n<p> Pa\u00eds: Alemania  <\/p>\n<p> Fecha de Recepci\u00f3n: 07\/05\/2009  <\/p>\n<p> Fecha de Vigencia: 31\/12\/2009  <\/p>\n<p>PERSONA DE CONTACTO  : Block Matias<\/p>\n<p> E-mail: matias.block@reforma.de<\/p>\n<p> Domicilio: Stellauer Hauptstrasse 8  <\/p>\n<p> Localidad: Barsb\u00fcttel  <\/p>\n<p> C\u00f3digo Postal: 22885  <\/p>\n<p> Pa\u00eds: Alemania  <\/p>\n<p> Tel\u00e9fono: (0049)  40 &#8211; 6757950 <\/p>\n<p> Fax: (0049)  40 &#8211; 67579520 <\/p>\n<p> E-mail: info@reforma.de  <\/p>\n<p> P\u00e1gina Web: www.reforma.de  <\/p>\n<p>POSICIONES ARANCELARIAS<br \/>\n120220  -Sin c\u00e1scara, incluso quebrantados <\/p>\n<p> Forma de Pago: a convenir  <\/p>\n<p> Observaciones : solicitan ofertas para man\u00ed confiter\u00eda con certificado org\u00e1nico. NCM 1202200000. Forma de pago: a convenir  <\/p>\n<p>Argentina Trade Net<\/p>\n","protected":false},"excerpt":{"rendered":"","protected":false},"author":1,"featured_media":0,"comment_status":"open","ping_status":"open","sticky":false,"template":"","format":"standard","meta":{"footnotes":""},"categories":[52,43,44,45,11],"tags":[],"class_list":["post-2038","post","type-post","status-publish","format-standard","hentry","category-comprador","category-exportacion","category-exportador","category-exportar","category-frutas-y-verduras"],"_links":{"self":[{"href":"https:\/\/www.exportapymes.com\/oportunidades-comerciales\/wp-json\/wp\/v2\/posts\/2038","targetHints":{"allow":["GET"]}}],"collection":[{"href":"https:\/\/www.exportapymes.com\/oportunidades-comerciales\/wp-json\/wp\/v2\/posts"}],"about":[{"href":"https:\/\/www.exportapymes.com\/oportunidades-comerciales\/wp-json\/wp\/v2\/types\/post"}],"author":[{"embeddable":true,"href":"https:\/\/www.exportapymes.com\/oportunidades-comerciales\/wp-json\/wp\/v2\/users\/1"}],"replies":[{"embeddable":true,"href":"https:\/\/www.exportapymes.com\/oportunidades-comerciales\/wp-json\/wp\/v2\/comments?post=2038"}],"version-history":[{"count":1,"href":"https:\/\/www.exportapymes.com\/oportunidades-comerciales\/wp-json\/wp\/v2\/posts\/2038\/revisions"}],"predecessor-version":[{"id":2039,"href":"https:\/\/www.exportapymes.com\/oportunidades-comerciales\/wp-json\/wp\/v2\/posts\/2038\/revisions\/2039"}],"wp:attachment":[{"href":"https:\/\/www.exportapymes.com\/oportunidades-comerciales\/wp-json\/wp\/v2\/media?parent=2038"}],"wp:term":[{"taxonomy":"category","embeddable":true,"href":"https:\/\/www.exportapymes.com\/oportunidades-comerciales\/wp-json\/wp\/v2\/categories?post=2038"},{"taxonomy":"post_tag","embeddable":true,"href":"https:\/\/www.exportapymes.com\/oportunidades-comerciales\/wp-json\/wp\/v2\/tags?post=2038"}],"curies":[{"name":"wp","href":"https:\/\/api.w.org\/{rel}","templated":true}]}}