{"id":4130,"date":"2013-11-11T20:50:04","date_gmt":"2013-11-11T20:50:04","guid":{"rendered":"http:\/\/www.exportapymes.com\/oportunidades-comerciales\/?p=4130"},"modified":"2013-11-11T20:50:04","modified_gmt":"2013-11-11T20:50:04","slug":"nueces-de-produccion-convencional-y-organica-alemania","status":"publish","type":"post","link":"https:\/\/www.exportapymes.com\/oportunidades-comerciales\/nueces-de-produccion-convencional-y-organica-alemania\/","title":{"rendered":"Nueces de producci\u00f3n convencional y org\u00e1nica &#8211; Alemania"},"content":{"rendered":"<p><img decoding=\"async\" title=\"More...\" alt=\"\" src=\"http:\/\/www.exportapymes.com\/oportunidades-comerciales\/wp-includes\/js\/tinymce\/plugins\/wordpress\/img\/trans.gif\" \/><!--more--><\/p>\n<p>Importador : DE-VAU-GE Gesundkostwerk GmbH<\/p>\n<p>Pa\u00eds: \u00a0\u00a0 \u00a0Alemania<\/p>\n<p>Fecha de Recepci\u00f3n: \u00a0\u00a0 \u00a013\/09\/2013<\/p>\n<p>Fecha de Vencimiento: \u00a0\u00a0 \u00a012\/12\/2014<\/p>\n<p>Contactos : \u00a0\u00a0 \u00a0Sra. Melanie Lehmann : \u00a0\u00a0 \u00a0importaci\u00f3n<\/p>\n<p>Domicilio: \u00a0\u00a0 \u00a0L\u00fcner Rennbahn 18<\/p>\n<p>Localidad: \u00a0\u00a0 \u00a0L\u00fcneburg<\/p>\n<p>Tel\u00e9fono: \u00a0\u00a0 \u00a0(0049) 4131 &#8211; 98501<\/p>\n<p>Fax: \u00a0\u00a0 \u00a0(0049) 4131 &#8211; 985261<\/p>\n<p>E-mail: \u00a0\u00a0 \u00a0info@de-vau-ge.de<\/p>\n<p>POSICIONES ARANCELARIAS<br \/>\n0801&#8211;\u00a0 COCOS, NUECES DEL BRASIL Y NUECES DE &#8220;CAJ\u00da&#8221; (MEREY, CAJUIL, ANACARDO, MARA\u00d1\u00d3N)*, FRESCOS O SECOS, INCLUSO SIN C\u00c1SCARA O MONDADOS.<br \/>\n0802&#8211;\u00a0 LOS DEM\u00c1S FRUTOS DE C\u00c1SCARA FRESCOS O SECOS, INCLUSO SIN C\u00c1SCARA O MONDADOS.<br \/>\n0812&#8211;\u00a0 FRUTAS Y OTROS FRUTOS, CONSERVADOS PROVISIONALMENTE (POR EJEMPLO: CON GAS SULFUROSO O CON AGUA SALADA, SULFUROSA O ADICIONADA DE OTRAS SUSTANCIAS PARA DICHA CONSERVACION), PERO TODAVIA IMPROPIOS PARA CONSUMO INMEDIATO.<br \/>\n08011010\u00a0 Cocos s\/c\u00e1scara, incluso rallados,frescos o secos<br \/>\n08011090\u00a0 Cocos incluso rallados,frescos o secos,excluido s\/c\u00e1scara<br \/>\n08011110\u00a0 Cocos secos s\/c\u00e1scara<br \/>\n08011190\u00a0 Cocos secos c\/c\u00e1scara<br \/>\n08011900\u00a0 Cocos excluidos secos<br \/>\n08012000\u00a0 Nueces del Brasil frescas o secas<br \/>\n08012100\u00a0 Nueces de Brasil c\/c\u00e1scara<br \/>\n08012200\u00a0 Nueces de Brasil s\/c\u00e1scara<br \/>\n08013000\u00a0 Nueces de caj\u00fa (caju\u00edl, mara\u00f1\u00f3n)frescas o secas<br \/>\n08013100\u00a0 Nueces de caj\u00fa c\/c\u00e1scara<br \/>\n08013200\u00a0 Nueces de caj\u00fa s\/c\u00e1scara<br \/>\n08021100\u00a0 Almendras c\/c\u00e1scara<br \/>\n08021200\u00a0 Almendras s\/c\u00e1scara<br \/>\n08022100\u00a0 Avellanas c\/c\u00e1scara<br \/>\n08022200\u00a0 Avellanas s\/c\u00e1scara<br \/>\n08023100\u00a0 Nueces de nogal c\/c\u00e1scara<br \/>\n08023200\u00a0 Nueces de nogal s\/c\u00e1scara<br \/>\n08024000\u00a0 Casta\u00f1as(Castanea spp.)<br \/>\n08025000\u00a0 Pistachos<br \/>\n08029000\u00a0 Otros frutos de c\u00e1scara ncop.<br \/>\n08121000\u00a0 Cerezas conservadas provisionalmente<br \/>\n08122000\u00a0 Frutillas conservadas provisionalmente<br \/>\n08129000\u00a0 Otros frutos ncop.conservados provisionalmente<\/p>\n<p>Forma de Pago: \u00a0\u00a0 \u00a0A convenir.<\/p>\n<p>TIPO DE EMPRESA<br \/>\nImportador<\/p>\n<p>Comercio con Argentina: \u00a0\u00a0 \u00a0No<\/p>\n<p>Muestran inter\u00e9s en nueces de producci\u00f3n convencional y org\u00e1nica. Contacto: info@de-vau-ge.de<\/p>\n<p>Argentina Trade Net<\/p>\n","protected":false},"excerpt":{"rendered":"","protected":false},"author":1,"featured_media":0,"comment_status":"closed","ping_status":"open","sticky":false,"template":"","format":"standard","meta":{"footnotes":""},"categories":[43,45,11],"tags":[],"class_list":["post-4130","post","type-post","status-publish","format-standard","hentry","category-exportacion","category-exportar","category-frutas-y-verduras"],"_links":{"self":[{"href":"https:\/\/www.exportapymes.com\/oportunidades-comerciales\/wp-json\/wp\/v2\/posts\/4130","targetHints":{"allow":["GET"]}}],"collection":[{"href":"https:\/\/www.exportapymes.com\/oportunidades-comerciales\/wp-json\/wp\/v2\/posts"}],"about":[{"href":"https:\/\/www.exportapymes.com\/oportunidades-comerciales\/wp-json\/wp\/v2\/types\/post"}],"author":[{"embeddable":true,"href":"https:\/\/www.exportapymes.com\/oportunidades-comerciales\/wp-json\/wp\/v2\/users\/1"}],"replies":[{"embeddable":true,"href":"https:\/\/www.exportapymes.com\/oportunidades-comerciales\/wp-json\/wp\/v2\/comments?post=4130"}],"version-history":[{"count":1,"href":"https:\/\/www.exportapymes.com\/oportunidades-comerciales\/wp-json\/wp\/v2\/posts\/4130\/revisions"}],"predecessor-version":[{"id":4131,"href":"https:\/\/www.exportapymes.com\/oportunidades-comerciales\/wp-json\/wp\/v2\/posts\/4130\/revisions\/4131"}],"wp:attachment":[{"href":"https:\/\/www.exportapymes.com\/oportunidades-comerciales\/wp-json\/wp\/v2\/media?parent=4130"}],"wp:term":[{"taxonomy":"category","embeddable":true,"href":"https:\/\/www.exportapymes.com\/oportunidades-comerciales\/wp-json\/wp\/v2\/categories?post=4130"},{"taxonomy":"post_tag","embeddable":true,"href":"https:\/\/www.exportapymes.com\/oportunidades-comerciales\/wp-json\/wp\/v2\/tags?post=4130"}],"curies":[{"name":"wp","href":"https:\/\/api.w.org\/{rel}","templated":true}]}}